{"id":16445,"date":"2019-04-20T09:07:59","date_gmt":"2019-04-20T07:07:59","guid":{"rendered":"http:\/\/agora.xtec.cat\/escolacollserolacerdanyola\/?p=16445"},"modified":"2019-05-18T09:19:19","modified_gmt":"2019-05-18T07:19:19","slug":"3r-4t-taller-de-ciencia-grup-3","status":"publish","type":"post","link":"https:\/\/agora.xtec.cat\/escolacollserolacerdanyola\/de-1r-a-6e\/3r\/3r-4t-taller-de-ciencia-grup-3\/","title":{"rendered":"3r 4t Taller de Ci\u00e8ncia Grup 3"},"content":{"rendered":"<p><a href=\"https:\/\/photos.app.goo.gl\/kYBqy2iPWV4ZiSGi9\">CM Taller de Ci\u00e8ncia grup 3<\/a><\/p>\n<p>Al 2n trimestre hem estudiat la METEOROLOGIA. Hem observat, hem mesurat i hem fet experiments sobre la pressi\u00f3 atmosf\u00e8rica, la temperatura, la humitat, els n\u00favols i les precipitacions.<\/p>\n","protected":false},"excerpt":{"rendered":"<p><a href=\"https:\/\/photos.app.goo.gl\/kYBqy2iPWV4ZiSGi9\">CM Taller de Ci\u00e8ncia grup 3<\/a><br \/>\nAl 2n trimestre hem estudiat la METEOROLOGIA. Hem observat, hem mesurat i hem fet experiments sobre la pressi\u00f3 atmosf\u00e8rica, la temperatura, la humitat, els n\u00favols i les precipitacions.<\/p>\n","protected":false},"author":8,"featured_media":16451,"comment_status":"open","ping_status":"closed","sticky":false,"template":"","format":"standard","meta":{"_bbp_topic_count":0,"_bbp_reply_count":0,"_bbp_total_topic_count":0,"_bbp_total_reply_count":0,"_bbp_voice_count":0,"_bbp_anonymous_reply_count":0,"_bbp_topic_count_hidden":0,"_bbp_reply_count_hidden":0,"_bbp_forum_subforum_count":0,"footnotes":""},"categories":[12,13,310,311,85],"tags":[474,475,89],"class_list":["post-16445","post","type-post","status-publish","format-standard","has-post-thumbnail","hentry","category-3r","category-4t","category-espai-cientific-nivell-3","category-espai-cientific-nivell-4","category-mitjans","tag-3r","tag-4t","tag-cicle-mitja"],"post_mailing_queue_ids":[],"_links":{"self":[{"href":"https:\/\/agora.xtec.cat\/escolacollserolacerdanyola\/wp-json\/wp\/v2\/posts\/16445","targetHints":{"allow":["GET"]}}],"collection":[{"href":"https:\/\/agora.xtec.cat\/escolacollserolacerdanyola\/wp-json\/wp\/v2\/posts"}],"about":[{"href":"https:\/\/agora.xtec.cat\/escolacollserolacerdanyola\/wp-json\/wp\/v2\/types\/post"}],"author":[{"embeddable":true,"href":"https:\/\/agora.xtec.cat\/escolacollserolacerdanyola\/wp-json\/wp\/v2\/users\/8"}],"replies":[{"embeddable":true,"href":"https:\/\/agora.xtec.cat\/escolacollserolacerdanyola\/wp-json\/wp\/v2\/comments?post=16445"}],"version-history":[{"count":2,"href":"https:\/\/agora.xtec.cat\/escolacollserolacerdanyola\/wp-json\/wp\/v2\/posts\/16445\/revisions"}],"predecessor-version":[{"id":18783,"href":"https:\/\/agora.xtec.cat\/escolacollserolacerdanyola\/wp-json\/wp\/v2\/posts\/16445\/revisions\/18783"}],"wp:featuredmedia":[{"embeddable":true,"href":"https:\/\/agora.xtec.cat\/escolacollserolacerdanyola\/wp-json\/wp\/v2\/media\/16451"}],"wp:attachment":[{"href":"https:\/\/agora.xtec.cat\/escolacollserolacerdanyola\/wp-json\/wp\/v2\/media?parent=16445"}],"wp:term":[{"taxonomy":"category","embeddable":true,"href":"https:\/\/agora.xtec.cat\/escolacollserolacerdanyola\/wp-json\/wp\/v2\/categories?post=16445"},{"taxonomy":"post_tag","embeddable":true,"href":"https:\/\/agora.xtec.cat\/escolacollserolacerdanyola\/wp-json\/wp\/v2\/tags?post=16445"}],"curies":[{"name":"wp","href":"https:\/\/api.w.org\/{rel}","templated":true}]}}