{"id":13993,"date":"2018-09-27T13:49:27","date_gmt":"2018-09-27T11:49:27","guid":{"rendered":"http:\/\/agora.xtec.cat\/escolacollserolacerdanyola\/?p=13993"},"modified":"2018-11-20T17:49:52","modified_gmt":"2018-11-20T16:49:52","slug":"primers-dies-del-curs-2018-2019","status":"publish","type":"post","link":"https:\/\/agora.xtec.cat\/escolacollserolacerdanyola\/de-1r-a-6e\/1r\/primers-dies-del-curs-2018-2019\/","title":{"rendered":"Primers dies del curs 2018-2019"},"content":{"rendered":"<p><img loading=\"lazy\" decoding=\"async\" class=\"aligncenter\" src=\"http:\/\/www.xtec.cat\/ceipangelaroca\/images\/Primer%20dia.jpeg\" alt=\"Resultat d'imatges de benvinguts al nou curs\" width=\"352\" height=\"248\" \/><\/p>\n<p>Hem comen\u00e7at un nou curs i estem molt emocionats per retrobar-nos amb els nostres companys i companyes. Els nens i nenes de primer comencem una nova etapa i estem molt nerviosos per\u00f2 els companys de segon ens han fet una visita per explicar-nos com ser\u00e0 aquest nou curs. Hem passat una estona molt divertida compartint jocs i experi\u00e8ncies.<\/p>\n<p><a href=\"https:\/\/photos.app.goo.gl\/KPZkcWGjVPr1UM9x9\">Primers dies d&#8217;escola: cicle inicial<\/a><\/p>\n","protected":false},"excerpt":{"rendered":"<p>Hem comen\u00e7at un nou curs i estem molt emocionats per retrobar-nos amb els nostres companys i companyes. Els nens i nenes de primer comencem una nova etapa i estem molt nerviosos per\u00f2 els companys de segon ens han fet una visita per explicar-nos com ser\u00e0&hellip;  <a href=\"https:\/\/agora.xtec.cat\/escolacollserolacerdanyola\/de-1r-a-6e\/1r\/primers-dies-del-curs-2018-2019\/\" title=\"Read Primers dies del curs 2018-2019\">Llegeix m\u00e9s\u00bb<\/a><\/p>\n","protected":false},"author":7,"featured_media":0,"comment_status":"open","ping_status":"closed","sticky":false,"template":"","format":"standard","meta":{"_bbp_topic_count":0,"_bbp_reply_count":0,"_bbp_total_topic_count":0,"_bbp_total_reply_count":0,"_bbp_voice_count":0,"_bbp_anonymous_reply_count":0,"_bbp_topic_count_hidden":0,"_bbp_reply_count_hidden":0,"_bbp_forum_subforum_count":0,"footnotes":""},"categories":[10,11],"tags":[],"class_list":["post-13993","post","type-post","status-publish","format-standard","hentry","category-1r","category-2n"],"post_mailing_queue_ids":[],"_links":{"self":[{"href":"https:\/\/agora.xtec.cat\/escolacollserolacerdanyola\/wp-json\/wp\/v2\/posts\/13993","targetHints":{"allow":["GET"]}}],"collection":[{"href":"https:\/\/agora.xtec.cat\/escolacollserolacerdanyola\/wp-json\/wp\/v2\/posts"}],"about":[{"href":"https:\/\/agora.xtec.cat\/escolacollserolacerdanyola\/wp-json\/wp\/v2\/types\/post"}],"author":[{"embeddable":true,"href":"https:\/\/agora.xtec.cat\/escolacollserolacerdanyola\/wp-json\/wp\/v2\/users\/7"}],"replies":[{"embeddable":true,"href":"https:\/\/agora.xtec.cat\/escolacollserolacerdanyola\/wp-json\/wp\/v2\/comments?post=13993"}],"version-history":[{"count":3,"href":"https:\/\/agora.xtec.cat\/escolacollserolacerdanyola\/wp-json\/wp\/v2\/posts\/13993\/revisions"}],"predecessor-version":[{"id":14001,"href":"https:\/\/agora.xtec.cat\/escolacollserolacerdanyola\/wp-json\/wp\/v2\/posts\/13993\/revisions\/14001"}],"wp:attachment":[{"href":"https:\/\/agora.xtec.cat\/escolacollserolacerdanyola\/wp-json\/wp\/v2\/media?parent=13993"}],"wp:term":[{"taxonomy":"category","embeddable":true,"href":"https:\/\/agora.xtec.cat\/escolacollserolacerdanyola\/wp-json\/wp\/v2\/categories?post=13993"},{"taxonomy":"post_tag","embeddable":true,"href":"https:\/\/agora.xtec.cat\/escolacollserolacerdanyola\/wp-json\/wp\/v2\/tags?post=13993"}],"curies":[{"name":"wp","href":"https:\/\/api.w.org\/{rel}","templated":true}]}}