{"id":13991,"date":"2018-11-13T18:26:45","date_gmt":"2018-11-13T17:26:45","guid":{"rendered":"http:\/\/agora.xtec.cat\/escolacollserolacerdanyola\/?p=13991"},"modified":"2018-11-14T08:09:57","modified_gmt":"2018-11-14T07:09:57","slug":"castanyada-i-halloween-2018","status":"publish","type":"post","link":"https:\/\/agora.xtec.cat\/escolacollserolacerdanyola\/de-1r-a-6e\/1r\/castanyada-i-halloween-2018\/","title":{"rendered":"Castanyada i Halloween 2018"},"content":{"rendered":"<p><img loading=\"lazy\" decoding=\"async\" class=\"aligncenter\" src=\"https:\/\/barcelona4seasons.files.wordpress.com\/2015\/10\/bona-castanyada_21.jpg\" alt=\"Resultat d'imatges de castanyada\" width=\"284\" height=\"184\" \/><\/p>\n<p>El dia 31 d&#8217;octubre, els nens i les nenes de cicle inicial hem celebrat la festa de la castanyada al mat\u00ed amb els nostres companys d&#8217;educaci\u00f3 infantil. Hem menjat molts panallets i els tastets de Tardor que hem fet al mat\u00ed.<\/p>\n<p>A la tarda hem celebrat la festa de Halloween amb els nens i nenes de cicle mitj\u00e0 i superior. Hem fet una desfilada i ens han donat un premi pels fruits de Tardor m\u00e9s terror\u00edfics.<\/p>\n<p>Us volem donar les gr\u00e0cies per haver-nos ajudat a fer els tastets i a disfressar els fruits de Tardor.<\/p>\n<p>Esperem que us agradin les fotos perqu\u00e8 nosaltres ens ho vam passar molt b\u00e9!!!<\/p>\n<p>&nbsp;<\/p>\n<p><a href=\"https:\/\/photos.app.goo.gl\/c8drp3cNF6H59mW1A\">Castanyada i Halloween<\/a><\/p>\n","protected":false},"excerpt":{"rendered":"<p>El dia 31 d&#8217;octubre, els nens i les nenes de cicle inicial hem celebrat la festa de la castanyada al mat\u00ed amb els nostres companys d&#8217;educaci\u00f3 infantil. Hem menjat molts panallets i els tastets de Tardor que hem fet al mat\u00ed.<br \/>\nA la tarda hem celebrat&hellip;  <a href=\"https:\/\/agora.xtec.cat\/escolacollserolacerdanyola\/de-1r-a-6e\/1r\/castanyada-i-halloween-2018\/\" title=\"Read Castanyada i Halloween 2018\">Llegeix m\u00e9s\u00bb<\/a><\/p>\n","protected":false},"author":7,"featured_media":0,"comment_status":"open","ping_status":"closed","sticky":false,"template":"","format":"standard","meta":{"_bbp_topic_count":0,"_bbp_reply_count":0,"_bbp_total_topic_count":0,"_bbp_total_reply_count":0,"_bbp_voice_count":0,"_bbp_anonymous_reply_count":0,"_bbp_topic_count_hidden":0,"_bbp_reply_count_hidden":0,"_bbp_forum_subforum_count":0,"footnotes":""},"categories":[10,11],"tags":[],"class_list":["post-13991","post","type-post","status-publish","format-standard","hentry","category-1r","category-2n"],"post_mailing_queue_ids":[],"_links":{"self":[{"href":"https:\/\/agora.xtec.cat\/escolacollserolacerdanyola\/wp-json\/wp\/v2\/posts\/13991","targetHints":{"allow":["GET"]}}],"collection":[{"href":"https:\/\/agora.xtec.cat\/escolacollserolacerdanyola\/wp-json\/wp\/v2\/posts"}],"about":[{"href":"https:\/\/agora.xtec.cat\/escolacollserolacerdanyola\/wp-json\/wp\/v2\/types\/post"}],"author":[{"embeddable":true,"href":"https:\/\/agora.xtec.cat\/escolacollserolacerdanyola\/wp-json\/wp\/v2\/users\/7"}],"replies":[{"embeddable":true,"href":"https:\/\/agora.xtec.cat\/escolacollserolacerdanyola\/wp-json\/wp\/v2\/comments?post=13991"}],"version-history":[{"count":3,"href":"https:\/\/agora.xtec.cat\/escolacollserolacerdanyola\/wp-json\/wp\/v2\/posts\/13991\/revisions"}],"predecessor-version":[{"id":14002,"href":"https:\/\/agora.xtec.cat\/escolacollserolacerdanyola\/wp-json\/wp\/v2\/posts\/13991\/revisions\/14002"}],"wp:attachment":[{"href":"https:\/\/agora.xtec.cat\/escolacollserolacerdanyola\/wp-json\/wp\/v2\/media?parent=13991"}],"wp:term":[{"taxonomy":"category","embeddable":true,"href":"https:\/\/agora.xtec.cat\/escolacollserolacerdanyola\/wp-json\/wp\/v2\/categories?post=13991"},{"taxonomy":"post_tag","embeddable":true,"href":"https:\/\/agora.xtec.cat\/escolacollserolacerdanyola\/wp-json\/wp\/v2\/tags?post=13991"}],"curies":[{"name":"wp","href":"https:\/\/api.w.org\/{rel}","templated":true}]}}