{"id":13887,"date":"2018-10-13T13:41:33","date_gmt":"2018-10-13T11:41:33","guid":{"rendered":"http:\/\/agora.xtec.cat\/escolacollserolacerdanyola\/?p=13887"},"modified":"2018-11-13T18:39:17","modified_gmt":"2018-11-13T17:39:17","slug":"sortida-cim-daligues","status":"publish","type":"post","link":"https:\/\/agora.xtec.cat\/escolacollserolacerdanyola\/de-1r-a-6e\/1r\/sortida-cim-daligues\/","title":{"rendered":"Sortida Cim d&#8217;\u00c0ligues"},"content":{"rendered":"<p>El dimecres 3 d&#8217;octubre, els nens i nenes de cicle inicial vam visitar el Cim de les \u00e0ligues per aprendre m\u00e9s coses relacionades amb els nostres noms de la classe: els mussols i les \u00f2libes.<\/p>\n<p>Va ser una visita molt interessant on vam aprendre moltes coses i ens ho vam passar molt b\u00e9.<\/p>\n<p>Aqu\u00ed teniu un recull de fotos de la sortida.<\/p>\n<p>&nbsp;<\/p>\n<p><a href=\"https:\/\/photos.app.goo.gl\/uUDTtewZMETu5iit6\">Sortida cim d&#8217;\u00e0ligues<\/a><\/p>\n","protected":false},"excerpt":{"rendered":"<p>El dimecres 3 d&#8217;octubre, els nens i nenes de cicle inicial vam visitar el Cim de les \u00e0ligues per aprendre m\u00e9s coses relacionades amb els nostres noms de la classe: els mussols i les \u00f2libes.<br \/>\nVa ser una visita molt interessant on vam aprendre moltes coses&hellip;  <a href=\"https:\/\/agora.xtec.cat\/escolacollserolacerdanyola\/de-1r-a-6e\/1r\/sortida-cim-daligues\/\" title=\"Read Sortida Cim d&#8217;\u00c0ligues\">Llegeix m\u00e9s\u00bb<\/a><\/p>\n","protected":false},"author":7,"featured_media":0,"comment_status":"open","ping_status":"closed","sticky":false,"template":"","format":"standard","meta":{"_bbp_topic_count":0,"_bbp_reply_count":0,"_bbp_total_topic_count":0,"_bbp_total_reply_count":0,"_bbp_voice_count":0,"_bbp_anonymous_reply_count":0,"_bbp_topic_count_hidden":0,"_bbp_reply_count_hidden":0,"_bbp_forum_subforum_count":0,"footnotes":""},"categories":[10,11],"tags":[],"class_list":["post-13887","post","type-post","status-publish","format-standard","hentry","category-1r","category-2n"],"post_mailing_queue_ids":[],"_links":{"self":[{"href":"https:\/\/agora.xtec.cat\/escolacollserolacerdanyola\/wp-json\/wp\/v2\/posts\/13887","targetHints":{"allow":["GET"]}}],"collection":[{"href":"https:\/\/agora.xtec.cat\/escolacollserolacerdanyola\/wp-json\/wp\/v2\/posts"}],"about":[{"href":"https:\/\/agora.xtec.cat\/escolacollserolacerdanyola\/wp-json\/wp\/v2\/types\/post"}],"author":[{"embeddable":true,"href":"https:\/\/agora.xtec.cat\/escolacollserolacerdanyola\/wp-json\/wp\/v2\/users\/7"}],"replies":[{"embeddable":true,"href":"https:\/\/agora.xtec.cat\/escolacollserolacerdanyola\/wp-json\/wp\/v2\/comments?post=13887"}],"version-history":[{"count":1,"href":"https:\/\/agora.xtec.cat\/escolacollserolacerdanyola\/wp-json\/wp\/v2\/posts\/13887\/revisions"}],"predecessor-version":[{"id":13888,"href":"https:\/\/agora.xtec.cat\/escolacollserolacerdanyola\/wp-json\/wp\/v2\/posts\/13887\/revisions\/13888"}],"wp:attachment":[{"href":"https:\/\/agora.xtec.cat\/escolacollserolacerdanyola\/wp-json\/wp\/v2\/media?parent=13887"}],"wp:term":[{"taxonomy":"category","embeddable":true,"href":"https:\/\/agora.xtec.cat\/escolacollserolacerdanyola\/wp-json\/wp\/v2\/categories?post=13887"},{"taxonomy":"post_tag","embeddable":true,"href":"https:\/\/agora.xtec.cat\/escolacollserolacerdanyola\/wp-json\/wp\/v2\/tags?post=13887"}],"curies":[{"name":"wp","href":"https:\/\/api.w.org\/{rel}","templated":true}]}}