{"id":13768,"date":"2019-09-09T13:57:08","date_gmt":"2019-09-09T11:57:08","guid":{"rendered":"http:\/\/agora.xtec.cat\/escolacollserolacerdanyola\/?p=13768"},"modified":"2021-02-02T19:04:47","modified_gmt":"2021-02-02T18:04:47","slug":"6th-grade-english-virtual-classroom-2018-19","status":"publish","type":"post","link":"https:\/\/agora.xtec.cat\/escolacollserolacerdanyola\/angles\/6th-grade-english-virtual-classroom-2018-19\/","title":{"rendered":"6th grade English virtual classroom 2019-20"},"content":{"rendered":"<p>Aquest curs volem continuar implementant aquesta eina tecnol\u00f2gica per l&#8217;alumnat de 6\u00e8 de l&#8217;escola Collserola. Els alumnes que el curs passat van fer 5\u00e8 curs utilitzaran, en aquest nivell del \u00faltim curs de prim\u00e0ria, aquesta plataforma d&#8217;aprenentatge. Es tracta d&#8217;una classe virtual d&#8217;angl\u00e8s. Degut a que no tenim llibre, hem dissenyat aquest espai amb l&#8217;objectiu de que l&#8217;alumnat estudii, explori, aprengui i amplii els coneixements que anem treballant a l&#8217;aula ordin\u00e0ria.<br \/>\nEsperem que sigui de gran utilitat per tots nosaltres!!!<br \/>\nLet&#8217;s go to the virtual classroom!!!<br \/>\n<a href=\"https:\/\/agora.xtec.cat\/escolacollserolacerdanyola\/moodle\/login\/index.php\"><img loading=\"lazy\" decoding=\"async\" class=\"alignnone size-medium wp-image-13769\" src=\"https:\/\/agora.xtec.cat\/escolacollserolacerdanyola\/wp-content\/uploads\/usu1390\/2018\/10\/curso-moodle-300x225.jpg\" alt=\"\" width=\"300\" height=\"225\" \/><\/a><\/p>\n","protected":false},"excerpt":{"rendered":"<p>Aquest curs volem continuar implementant aquesta eina tecnol\u00f2gica per l&#8217;alumnat de 6\u00e8 de l&#8217;escola Collserola. Els alumnes que el curs passat van fer 5\u00e8 curs utilitzaran, en aquest nivell del \u00faltim curs de prim\u00e0ria, aquesta plataforma d&#8217;aprenentatge. Es tracta d&#8217;una classe virtual d&#8217;angl\u00e8s. Degut a&hellip;  <a href=\"https:\/\/agora.xtec.cat\/escolacollserolacerdanyola\/angles\/6th-grade-english-virtual-classroom-2018-19\/\" title=\"Read 6th grade English virtual classroom 2019-20\">Llegeix m\u00e9s\u00bb<\/a><\/p>\n","protected":false},"author":21,"featured_media":13769,"comment_status":"open","ping_status":"closed","sticky":false,"template":"","format":"standard","meta":{"_bbp_topic_count":0,"_bbp_reply_count":0,"_bbp_total_topic_count":0,"_bbp_total_reply_count":0,"_bbp_voice_count":0,"_bbp_anonymous_reply_count":0,"_bbp_topic_count_hidden":0,"_bbp_reply_count_hidden":0,"_bbp_forum_subforum_count":0,"footnotes":""},"categories":[265],"tags":[],"class_list":["post-13768","post","type-post","status-publish","format-standard","has-post-thumbnail","hentry","category-angles"],"post_mailing_queue_ids":[],"_links":{"self":[{"href":"https:\/\/agora.xtec.cat\/escolacollserolacerdanyola\/wp-json\/wp\/v2\/posts\/13768","targetHints":{"allow":["GET"]}}],"collection":[{"href":"https:\/\/agora.xtec.cat\/escolacollserolacerdanyola\/wp-json\/wp\/v2\/posts"}],"about":[{"href":"https:\/\/agora.xtec.cat\/escolacollserolacerdanyola\/wp-json\/wp\/v2\/types\/post"}],"author":[{"embeddable":true,"href":"https:\/\/agora.xtec.cat\/escolacollserolacerdanyola\/wp-json\/wp\/v2\/users\/21"}],"replies":[{"embeddable":true,"href":"https:\/\/agora.xtec.cat\/escolacollserolacerdanyola\/wp-json\/wp\/v2\/comments?post=13768"}],"version-history":[{"count":3,"href":"https:\/\/agora.xtec.cat\/escolacollserolacerdanyola\/wp-json\/wp\/v2\/posts\/13768\/revisions"}],"predecessor-version":[{"id":23100,"href":"https:\/\/agora.xtec.cat\/escolacollserolacerdanyola\/wp-json\/wp\/v2\/posts\/13768\/revisions\/23100"}],"wp:featuredmedia":[{"embeddable":true,"href":"https:\/\/agora.xtec.cat\/escolacollserolacerdanyola\/wp-json\/wp\/v2\/media\/13769"}],"wp:attachment":[{"href":"https:\/\/agora.xtec.cat\/escolacollserolacerdanyola\/wp-json\/wp\/v2\/media?parent=13768"}],"wp:term":[{"taxonomy":"category","embeddable":true,"href":"https:\/\/agora.xtec.cat\/escolacollserolacerdanyola\/wp-json\/wp\/v2\/categories?post=13768"},{"taxonomy":"post_tag","embeddable":true,"href":"https:\/\/agora.xtec.cat\/escolacollserolacerdanyola\/wp-json\/wp\/v2\/tags?post=13768"}],"curies":[{"name":"wp","href":"https:\/\/api.w.org\/{rel}","templated":true}]}}