{"id":13653,"date":"2018-06-29T18:51:11","date_gmt":"2018-06-29T16:51:11","guid":{"rendered":"http:\/\/agora.xtec.cat\/escolacollserolacerdanyola\/?p=13653"},"modified":"2018-08-29T18:52:22","modified_gmt":"2018-08-29T16:52:22","slug":"3r-dibuix-al-natural","status":"publish","type":"post","link":"https:\/\/agora.xtec.cat\/escolacollserolacerdanyola\/de-1r-a-6e\/3r\/3r-dibuix-al-natural\/","title":{"rendered":"3r DIBUIX AL NATURAL"},"content":{"rendered":"<p>Vam fer un dibuix al natural del codonyer que tenim a l&#8217;hort. A la primavera, durant uns dies es vesteix de flors i est\u00e0 realment bonic. Vam veure les abelles pol.linitzant. Els dibuixos van ser d&#8217;all\u00f2 m\u00e9s art\u00edstics i originals. Sembla mentida les versions que pot haver d&#8217;un mateix arbre&#8230;<\/p>\n<p>L&#8217;\u00faltima sessi\u00f3 vam aprofitar per plantar uns tests en garrafes d&#8217;aigua. Cada test era d&#8217;un grup de 4 nens i nenes i el vam pujar a la classe.<\/p>\n<p><a href=\"https:\/\/photos.app.goo.gl\/T2NbJsCzGYCADd3w7\">https:\/\/photos.app.goo.gl\/T2NbJsCzGYCADd3w7<\/a><\/p>\n","protected":false},"excerpt":{"rendered":"<p>Vam fer un dibuix al natural del codonyer que tenim a l&#8217;hort. A la primavera, durant uns dies es vesteix de flors i est\u00e0 realment bonic. Vam veure les abelles pol.linitzant. Els dibuixos van ser d&#8217;all\u00f2 m\u00e9s art\u00edstics i originals. Sembla mentida les versions que&hellip;  <a href=\"https:\/\/agora.xtec.cat\/escolacollserolacerdanyola\/de-1r-a-6e\/3r\/3r-dibuix-al-natural\/\" title=\"Read 3r DIBUIX AL NATURAL\">Llegeix m\u00e9s\u00bb<\/a><\/p>\n","protected":false},"author":8,"featured_media":13662,"comment_status":"open","ping_status":"closed","sticky":false,"template":"","format":"standard","meta":{"_bbp_topic_count":0,"_bbp_reply_count":0,"_bbp_total_topic_count":0,"_bbp_total_reply_count":0,"_bbp_voice_count":0,"_bbp_anonymous_reply_count":0,"_bbp_topic_count_hidden":0,"_bbp_reply_count_hidden":0,"_bbp_forum_subforum_count":0,"footnotes":""},"categories":[12,85],"tags":[474,89],"class_list":["post-13653","post","type-post","status-publish","format-standard","has-post-thumbnail","hentry","category-3r","category-mitjans","tag-3r","tag-cicle-mitja"],"post_mailing_queue_ids":[],"_links":{"self":[{"href":"https:\/\/agora.xtec.cat\/escolacollserolacerdanyola\/wp-json\/wp\/v2\/posts\/13653","targetHints":{"allow":["GET"]}}],"collection":[{"href":"https:\/\/agora.xtec.cat\/escolacollserolacerdanyola\/wp-json\/wp\/v2\/posts"}],"about":[{"href":"https:\/\/agora.xtec.cat\/escolacollserolacerdanyola\/wp-json\/wp\/v2\/types\/post"}],"author":[{"embeddable":true,"href":"https:\/\/agora.xtec.cat\/escolacollserolacerdanyola\/wp-json\/wp\/v2\/users\/8"}],"replies":[{"embeddable":true,"href":"https:\/\/agora.xtec.cat\/escolacollserolacerdanyola\/wp-json\/wp\/v2\/comments?post=13653"}],"version-history":[{"count":2,"href":"https:\/\/agora.xtec.cat\/escolacollserolacerdanyola\/wp-json\/wp\/v2\/posts\/13653\/revisions"}],"predecessor-version":[{"id":13663,"href":"https:\/\/agora.xtec.cat\/escolacollserolacerdanyola\/wp-json\/wp\/v2\/posts\/13653\/revisions\/13663"}],"wp:featuredmedia":[{"embeddable":true,"href":"https:\/\/agora.xtec.cat\/escolacollserolacerdanyola\/wp-json\/wp\/v2\/media\/13662"}],"wp:attachment":[{"href":"https:\/\/agora.xtec.cat\/escolacollserolacerdanyola\/wp-json\/wp\/v2\/media?parent=13653"}],"wp:term":[{"taxonomy":"category","embeddable":true,"href":"https:\/\/agora.xtec.cat\/escolacollserolacerdanyola\/wp-json\/wp\/v2\/categories?post=13653"},{"taxonomy":"post_tag","embeddable":true,"href":"https:\/\/agora.xtec.cat\/escolacollserolacerdanyola\/wp-json\/wp\/v2\/tags?post=13653"}],"curies":[{"name":"wp","href":"https:\/\/api.w.org\/{rel}","templated":true}]}}