{"id":13585,"date":"2018-06-26T10:48:10","date_gmt":"2018-06-26T08:48:10","guid":{"rendered":"http:\/\/agora.xtec.cat\/escolacollserolacerdanyola\/?p=13585"},"modified":"2018-06-26T10:48:32","modified_gmt":"2018-06-26T08:48:32","slug":"racons-de-treball-1r","status":"publish","type":"post","link":"https:\/\/agora.xtec.cat\/escolacollserolacerdanyola\/de-1r-a-6e\/1r\/racons-de-treball-1r\/","title":{"rendered":"Racons de treball. 1r"},"content":{"rendered":"<p>Al llarg del curs, els nens i nenes de la classe dels conills hem fet algunes sessions de llengua i matem\u00e0tiques d&#8217;una forma m\u00e9s divertida: treballant per racons. En grups de 5 feiem cada setmana les activitats de la caixa que ens tocava: jug\u00e0vem a un joc i feiem una activitat de recull.\u00a0 Han estat unes sessions divertides i interessants ja que jug\u00e0vem i apreniem al mateix temps. Ens ho hem passat molt b\u00e9!<\/p>\n<p>Si voleu veure m\u00e9s fotos de les sessions de racons cliqueu als seg\u00fcents enlla\u00e7os:<\/p>\n<p><a href=\"https:\/\/photos.app.goo.gl\/8uJWEppLS61bfaux5\">Racons de treball de matem\u00e0tiques. <\/a><\/p>\n<p><a href=\"https:\/\/photos.app.goo.gl\/iY1wSPA4v1YyajrNA\">Racons de treball de llengua.<\/a><\/p>\n<p>&nbsp;<\/p>\n<p>&nbsp;<\/p>\n","protected":false},"excerpt":{"rendered":"<p>Al llarg del curs, els nens i nenes de la classe dels conills hem fet algunes sessions de llengua i matem\u00e0tiques d&#8217;una forma m\u00e9s divertida: treballant per racons. En grups de 5 feiem cada setmana les activitats de la caixa que ens tocava: jug\u00e0vem a&hellip;  <a href=\"https:\/\/agora.xtec.cat\/escolacollserolacerdanyola\/de-1r-a-6e\/1r\/racons-de-treball-1r\/\" title=\"Read Racons de treball. 1r\">Llegeix m\u00e9s\u00bb<\/a><\/p>\n","protected":false},"author":7,"featured_media":0,"comment_status":"open","ping_status":"closed","sticky":false,"template":"","format":"standard","meta":{"_bbp_topic_count":0,"_bbp_reply_count":0,"_bbp_total_topic_count":0,"_bbp_total_reply_count":0,"_bbp_voice_count":0,"_bbp_anonymous_reply_count":0,"_bbp_topic_count_hidden":0,"_bbp_reply_count_hidden":0,"_bbp_forum_subforum_count":0,"footnotes":""},"categories":[10],"tags":[],"class_list":["post-13585","post","type-post","status-publish","format-standard","hentry","category-1r"],"post_mailing_queue_ids":[],"_links":{"self":[{"href":"https:\/\/agora.xtec.cat\/escolacollserolacerdanyola\/wp-json\/wp\/v2\/posts\/13585","targetHints":{"allow":["GET"]}}],"collection":[{"href":"https:\/\/agora.xtec.cat\/escolacollserolacerdanyola\/wp-json\/wp\/v2\/posts"}],"about":[{"href":"https:\/\/agora.xtec.cat\/escolacollserolacerdanyola\/wp-json\/wp\/v2\/types\/post"}],"author":[{"embeddable":true,"href":"https:\/\/agora.xtec.cat\/escolacollserolacerdanyola\/wp-json\/wp\/v2\/users\/7"}],"replies":[{"embeddable":true,"href":"https:\/\/agora.xtec.cat\/escolacollserolacerdanyola\/wp-json\/wp\/v2\/comments?post=13585"}],"version-history":[{"count":2,"href":"https:\/\/agora.xtec.cat\/escolacollserolacerdanyola\/wp-json\/wp\/v2\/posts\/13585\/revisions"}],"predecessor-version":[{"id":13587,"href":"https:\/\/agora.xtec.cat\/escolacollserolacerdanyola\/wp-json\/wp\/v2\/posts\/13585\/revisions\/13587"}],"wp:attachment":[{"href":"https:\/\/agora.xtec.cat\/escolacollserolacerdanyola\/wp-json\/wp\/v2\/media?parent=13585"}],"wp:term":[{"taxonomy":"category","embeddable":true,"href":"https:\/\/agora.xtec.cat\/escolacollserolacerdanyola\/wp-json\/wp\/v2\/categories?post=13585"},{"taxonomy":"post_tag","embeddable":true,"href":"https:\/\/agora.xtec.cat\/escolacollserolacerdanyola\/wp-json\/wp\/v2\/tags?post=13585"}],"curies":[{"name":"wp","href":"https:\/\/api.w.org\/{rel}","templated":true}]}}