{"id":13563,"date":"2018-06-22T19:08:02","date_gmt":"2018-06-22T17:08:02","guid":{"rendered":"http:\/\/agora.xtec.cat\/escolacollserolacerdanyola\/?p=13563"},"modified":"2018-06-22T19:08:02","modified_gmt":"2018-06-22T17:08:02","slug":"filosofia-318-joan-miro-p3","status":"publish","type":"post","link":"https:\/\/agora.xtec.cat\/escolacollserolacerdanyola\/ei3-ei4-ei5\/ei3\/filosofia-318-joan-miro-p3\/","title":{"rendered":"Filosofia 3\/18 Joan Mir\u00f3 P3"},"content":{"rendered":"<p style=\"text-align: center\">Aquest \u00faltim trimestre hem treballat Joan Mir\u00f3 dins de la filosofia 3\/18. Primer,vam descobrir el quadre de &#8220;Personatge davant del sol&#8221;, on vam fer\u00a0 hip\u00f2tesis del que veiem, i despr\u00e9s vam fer la nostra pr\u00f2pia obra partint dels colors i les formes geom\u00e8triques que li agradava fer<\/p>\n<p style=\"text-align: center\">Joan Mir\u00f3.<\/p>\n<p>Despr\u00e9s, vam descobrir i con\u00e8ixer l&#8217;obra &#8220;autorretrat&#8221; , i a partir d&#8217;aqu\u00ed vam fer , tamb\u00e9,el nostre autorretrat, tot , observant-nos en un mirall.<\/p>\n<p>Per finalitzar, vam fer en volum l&#8217;escultura&#8221;\u00a0 i ocell&#8221;, ja que ens va impresionar molt quan la vam veure el dia de l&#8217;excursi\u00f3, era molt alta.<a href=\"http:\/\/agora.xtec.cat\/escolacollserolacerdanyola\/wp-content\/uploads\/usu1390\/2018\/06\/miro_autorretrato_a_tcm723-271634.jpg\"><img loading=\"lazy\" decoding=\"async\" class=\"wp-image-13565 alignright\" src=\"http:\/\/agora.xtec.cat\/escolacollserolacerdanyola\/wp-content\/uploads\/usu1390\/2018\/06\/miro_autorretrato_a_tcm723-271634.jpg\" alt=\"\" width=\"152\" height=\"221\" srcset=\"https:\/\/agora.xtec.cat\/escolacollserolacerdanyola\/wp-content\/uploads\/usu1390\/2018\/06\/miro_autorretrato_a_tcm723-271634.jpg 245w, https:\/\/agora.xtec.cat\/escolacollserolacerdanyola\/wp-content\/uploads\/usu1390\/2018\/06\/miro_autorretrato_a_tcm723-271634-206x300.jpg 206w\" sizes=\"auto, (max-width: 152px) 100vw, 152px\" \/><\/a><\/p>\n<p><a href=\"http:\/\/agora.xtec.cat\/escolacollserolacerdanyola\/wp-content\/uploads\/usu1390\/2018\/06\/fjm04700cd00000p000_1000.jpg\"><img loading=\"lazy\" decoding=\"async\" class=\"wp-image-13564 alignnone\" src=\"http:\/\/agora.xtec.cat\/escolacollserolacerdanyola\/wp-content\/uploads\/usu1390\/2018\/06\/fjm04700cd00000p000_1000.jpg\" alt=\"\" width=\"274\" height=\"183\" srcset=\"https:\/\/agora.xtec.cat\/escolacollserolacerdanyola\/wp-content\/uploads\/usu1390\/2018\/06\/fjm04700cd00000p000_1000.jpg 1000w, https:\/\/agora.xtec.cat\/escolacollserolacerdanyola\/wp-content\/uploads\/usu1390\/2018\/06\/fjm04700cd00000p000_1000-300x201.jpg 300w, https:\/\/agora.xtec.cat\/escolacollserolacerdanyola\/wp-content\/uploads\/usu1390\/2018\/06\/fjm04700cd00000p000_1000-768x514.jpg 768w\" sizes=\"auto, (max-width: 274px) 100vw, 274px\" \/><\/a><a href=\"https:\/\/photos.app.goo.gl\/hurWHvEZYkrhiZm78\">clica i veur\u00e0s<\/a><a href=\"http:\/\/agora.xtec.cat\/escolacollserolacerdanyola\/wp-content\/uploads\/usu1390\/2018\/06\/images.jpg\"><img loading=\"lazy\" decoding=\"async\" class=\"size-full wp-image-13566 alignleft\" src=\"http:\/\/agora.xtec.cat\/escolacollserolacerdanyola\/wp-content\/uploads\/usu1390\/2018\/06\/images.jpg\" alt=\"\" width=\"183\" height=\"275\" \/><\/a><\/p>\n","protected":false},"excerpt":{"rendered":"<p>Aquest \u00faltim trimestre hem treballat Joan Mir\u00f3 dins de la filosofia 3\/18. Primer,vam descobrir el quadre de &#8220;Personatge davant del sol&#8221;, on vam fer\u00a0 hip\u00f2tesis del que veiem, i despr\u00e9s vam fer la nostra pr\u00f2pia obra partint dels colors i les formes geom\u00e8triques que li&hellip;  <a href=\"https:\/\/agora.xtec.cat\/escolacollserolacerdanyola\/ei3-ei4-ei5\/ei3\/filosofia-318-joan-miro-p3\/\" title=\"Read Filosofia 3\/18 Joan Mir\u00f3 P3\">Llegeix m\u00e9s\u00bb<\/a><\/p>\n","protected":false},"author":6,"featured_media":13566,"comment_status":"open","ping_status":"closed","sticky":false,"template":"","format":"standard","meta":{"_bbp_topic_count":0,"_bbp_reply_count":0,"_bbp_total_topic_count":0,"_bbp_total_reply_count":0,"_bbp_voice_count":0,"_bbp_anonymous_reply_count":0,"_bbp_topic_count_hidden":0,"_bbp_reply_count_hidden":0,"_bbp_forum_subforum_count":0,"footnotes":""},"categories":[3],"tags":[],"class_list":["post-13563","post","type-post","status-publish","format-standard","has-post-thumbnail","hentry","category-ei3"],"post_mailing_queue_ids":[],"_links":{"self":[{"href":"https:\/\/agora.xtec.cat\/escolacollserolacerdanyola\/wp-json\/wp\/v2\/posts\/13563","targetHints":{"allow":["GET"]}}],"collection":[{"href":"https:\/\/agora.xtec.cat\/escolacollserolacerdanyola\/wp-json\/wp\/v2\/posts"}],"about":[{"href":"https:\/\/agora.xtec.cat\/escolacollserolacerdanyola\/wp-json\/wp\/v2\/types\/post"}],"author":[{"embeddable":true,"href":"https:\/\/agora.xtec.cat\/escolacollserolacerdanyola\/wp-json\/wp\/v2\/users\/6"}],"replies":[{"embeddable":true,"href":"https:\/\/agora.xtec.cat\/escolacollserolacerdanyola\/wp-json\/wp\/v2\/comments?post=13563"}],"version-history":[{"count":2,"href":"https:\/\/agora.xtec.cat\/escolacollserolacerdanyola\/wp-json\/wp\/v2\/posts\/13563\/revisions"}],"predecessor-version":[{"id":13574,"href":"https:\/\/agora.xtec.cat\/escolacollserolacerdanyola\/wp-json\/wp\/v2\/posts\/13563\/revisions\/13574"}],"wp:featuredmedia":[{"embeddable":true,"href":"https:\/\/agora.xtec.cat\/escolacollserolacerdanyola\/wp-json\/wp\/v2\/media\/13566"}],"wp:attachment":[{"href":"https:\/\/agora.xtec.cat\/escolacollserolacerdanyola\/wp-json\/wp\/v2\/media?parent=13563"}],"wp:term":[{"taxonomy":"category","embeddable":true,"href":"https:\/\/agora.xtec.cat\/escolacollserolacerdanyola\/wp-json\/wp\/v2\/categories?post=13563"},{"taxonomy":"post_tag","embeddable":true,"href":"https:\/\/agora.xtec.cat\/escolacollserolacerdanyola\/wp-json\/wp\/v2\/tags?post=13563"}],"curies":[{"name":"wp","href":"https:\/\/api.w.org\/{rel}","templated":true}]}}