{"id":13382,"date":"2018-05-28T22:28:38","date_gmt":"2018-05-28T20:28:38","guid":{"rendered":"http:\/\/agora.xtec.cat\/escolacollserolacerdanyola\/?p=13382"},"modified":"2018-05-28T22:40:43","modified_gmt":"2018-05-28T20:40:43","slug":"festa-de-lhort-2","status":"publish","type":"post","link":"https:\/\/agora.xtec.cat\/escolacollserolacerdanyola\/associacio-de-families-dinfants\/festa-de-lhort-2\/","title":{"rendered":"La Comunitat Educativa del Collserola d\u00f3na la Benvinguda a la Primavera, amb la seva Tradicional Festa de l\u00b4Hort."},"content":{"rendered":"<p>&#8220;Jo sense cap mena de dubte&#8230; \u00e9s la festa amb la que m\u00e9s gaudeixo&#8221;, deia una mare que va col\u00b7laborar a la festa de l&#8217;hort.<\/p>\n<p>\u00c9s cert, va ser una tarda molt entranyable en la que vam gaudir grans i petits&#8230; i a m\u00e9s a m\u00e9s els espais exteriors de l&#8217;escola han quedat molt macos i acolorits.<\/p>\n<p>La comunitat educativa del Collserola d\u00f3na la benvinguda a la primavera, amb la seva tradicional festa de l\u00b4hort.<\/p>\n<p>Una jornada on fam\u00edlies, docents i alumnes treballem conjuntament per posar ben maca la nostra escola.<\/p>\n<div><\/div>\n<div>Moltes gr\u00e0cies a tots i a totes per la vostra col\u00b7laboraci\u00f3.<\/div>\n<div><\/div>\n<div>Donna.<\/div>\n<div><\/div>\n<div>Comissi\u00f3 Hort.<\/div>\n<div><\/div>\n<div><\/div>\n<div><a href=\"http:\/\/agora.xtec.cat\/escolacollserolacerdanyola\/wp-content\/uploads\/usu1390\/2018\/05\/1a5a3e88-67d3-4b56-a1bc-b5eaed07801e.jpg\"><img loading=\"lazy\" decoding=\"async\" class=\"alignnone size-large wp-image-13383\" src=\"http:\/\/agora.xtec.cat\/escolacollserolacerdanyola\/wp-content\/uploads\/usu1390\/2018\/05\/1a5a3e88-67d3-4b56-a1bc-b5eaed07801e-568x1024.jpg\" alt=\"\" width=\"568\" height=\"1024\" srcset=\"https:\/\/agora.xtec.cat\/escolacollserolacerdanyola\/wp-content\/uploads\/usu1390\/2018\/05\/1a5a3e88-67d3-4b56-a1bc-b5eaed07801e-568x1024.jpg 568w, https:\/\/agora.xtec.cat\/escolacollserolacerdanyola\/wp-content\/uploads\/usu1390\/2018\/05\/1a5a3e88-67d3-4b56-a1bc-b5eaed07801e-167x300.jpg 167w, https:\/\/agora.xtec.cat\/escolacollserolacerdanyola\/wp-content\/uploads\/usu1390\/2018\/05\/1a5a3e88-67d3-4b56-a1bc-b5eaed07801e-768x1384.jpg 768w, https:\/\/agora.xtec.cat\/escolacollserolacerdanyola\/wp-content\/uploads\/usu1390\/2018\/05\/1a5a3e88-67d3-4b56-a1bc-b5eaed07801e.jpg 888w\" sizes=\"auto, (max-width: 568px) 100vw, 568px\" \/><\/a> <a href=\"http:\/\/agora.xtec.cat\/escolacollserolacerdanyola\/wp-content\/uploads\/usu1390\/2018\/05\/2dd479f3-fd95-40fa-995e-66c48e34361d.jpg\"><img loading=\"lazy\" decoding=\"async\" class=\"alignnone size-large wp-image-13384\" src=\"http:\/\/agora.xtec.cat\/escolacollserolacerdanyola\/wp-content\/uploads\/usu1390\/2018\/05\/2dd479f3-fd95-40fa-995e-66c48e34361d-1024x568.jpg\" alt=\"\" width=\"1024\" height=\"568\" srcset=\"https:\/\/agora.xtec.cat\/escolacollserolacerdanyola\/wp-content\/uploads\/usu1390\/2018\/05\/2dd479f3-fd95-40fa-995e-66c48e34361d-1024x568.jpg 1024w, https:\/\/agora.xtec.cat\/escolacollserolacerdanyola\/wp-content\/uploads\/usu1390\/2018\/05\/2dd479f3-fd95-40fa-995e-66c48e34361d-300x167.jpg 300w, https:\/\/agora.xtec.cat\/escolacollserolacerdanyola\/wp-content\/uploads\/usu1390\/2018\/05\/2dd479f3-fd95-40fa-995e-66c48e34361d-768x426.jpg 768w, https:\/\/agora.xtec.cat\/escolacollserolacerdanyola\/wp-content\/uploads\/usu1390\/2018\/05\/2dd479f3-fd95-40fa-995e-66c48e34361d.jpg 1600w\" sizes=\"auto, (max-width: 1024px) 100vw, 1024px\" \/><\/a> <a href=\"http:\/\/agora.xtec.cat\/escolacollserolacerdanyola\/wp-content\/uploads\/usu1390\/2018\/05\/3ab7a5a4-5233-4bd5-8efd-2787cbc19b2b.jpg\"><img loading=\"lazy\" decoding=\"async\" class=\"alignnone size-large wp-image-13385\" src=\"http:\/\/agora.xtec.cat\/escolacollserolacerdanyola\/wp-content\/uploads\/usu1390\/2018\/05\/3ab7a5a4-5233-4bd5-8efd-2787cbc19b2b-1024x768.jpg\" alt=\"\" width=\"1024\" height=\"768\" srcset=\"https:\/\/agora.xtec.cat\/escolacollserolacerdanyola\/wp-content\/uploads\/usu1390\/2018\/05\/3ab7a5a4-5233-4bd5-8efd-2787cbc19b2b-1024x768.jpg 1024w, https:\/\/agora.xtec.cat\/escolacollserolacerdanyola\/wp-content\/uploads\/usu1390\/2018\/05\/3ab7a5a4-5233-4bd5-8efd-2787cbc19b2b-300x225.jpg 300w, https:\/\/agora.xtec.cat\/escolacollserolacerdanyola\/wp-content\/uploads\/usu1390\/2018\/05\/3ab7a5a4-5233-4bd5-8efd-2787cbc19b2b-768x576.jpg 768w, https:\/\/agora.xtec.cat\/escolacollserolacerdanyola\/wp-content\/uploads\/usu1390\/2018\/05\/3ab7a5a4-5233-4bd5-8efd-2787cbc19b2b-200x150.jpg 200w, https:\/\/agora.xtec.cat\/escolacollserolacerdanyola\/wp-content\/uploads\/usu1390\/2018\/05\/3ab7a5a4-5233-4bd5-8efd-2787cbc19b2b.jpg 1600w\" sizes=\"auto, (max-width: 1024px) 100vw, 1024px\" \/><\/a> <a href=\"http:\/\/agora.xtec.cat\/escolacollserolacerdanyola\/wp-content\/uploads\/usu1390\/2018\/05\/3edc6a5d-a73e-40fd-89d1-ebd6842e11be.jpg\"><img loading=\"lazy\" decoding=\"async\" class=\"alignnone size-large wp-image-13386\" src=\"http:\/\/agora.xtec.cat\/escolacollserolacerdanyola\/wp-content\/uploads\/usu1390\/2018\/05\/3edc6a5d-a73e-40fd-89d1-ebd6842e11be.jpg\" alt=\"\" width=\"237\" height=\"320\" srcset=\"https:\/\/agora.xtec.cat\/escolacollserolacerdanyola\/wp-content\/uploads\/usu1390\/2018\/05\/3edc6a5d-a73e-40fd-89d1-ebd6842e11be.jpg 237w, https:\/\/agora.xtec.cat\/escolacollserolacerdanyola\/wp-content\/uploads\/usu1390\/2018\/05\/3edc6a5d-a73e-40fd-89d1-ebd6842e11be-222x300.jpg 222w\" sizes=\"auto, (max-width: 237px) 100vw, 237px\" \/><\/a> <a href=\"http:\/\/agora.xtec.cat\/escolacollserolacerdanyola\/wp-content\/uploads\/usu1390\/2018\/05\/6a72c8e1-42fc-4d0c-99d0-43234eb1881a.jpg\"><img loading=\"lazy\" decoding=\"async\" class=\"alignnone size-large wp-image-13387\" src=\"http:\/\/agora.xtec.cat\/escolacollserolacerdanyola\/wp-content\/uploads\/usu1390\/2018\/05\/6a72c8e1-42fc-4d0c-99d0-43234eb1881a.jpg\" alt=\"\" width=\"320\" height=\"239\" srcset=\"https:\/\/agora.xtec.cat\/escolacollserolacerdanyola\/wp-content\/uploads\/usu1390\/2018\/05\/6a72c8e1-42fc-4d0c-99d0-43234eb1881a.jpg 320w, https:\/\/agora.xtec.cat\/escolacollserolacerdanyola\/wp-content\/uploads\/usu1390\/2018\/05\/6a72c8e1-42fc-4d0c-99d0-43234eb1881a-300x224.jpg 300w, https:\/\/agora.xtec.cat\/escolacollserolacerdanyola\/wp-content\/uploads\/usu1390\/2018\/05\/6a72c8e1-42fc-4d0c-99d0-43234eb1881a-200x150.jpg 200w\" sizes=\"auto, (max-width: 320px) 100vw, 320px\" \/><\/a> <a href=\"http:\/\/agora.xtec.cat\/escolacollserolacerdanyola\/wp-content\/uploads\/usu1390\/2018\/05\/6b8130cd-174b-4252-9ac3-07dc67cdcf64.jpg\"><img loading=\"lazy\" decoding=\"async\" class=\"alignnone size-large wp-image-13388\" src=\"http:\/\/agora.xtec.cat\/escolacollserolacerdanyola\/wp-content\/uploads\/usu1390\/2018\/05\/6b8130cd-174b-4252-9ac3-07dc67cdcf64-568x1024.jpg\" alt=\"\" width=\"568\" height=\"1024\" srcset=\"https:\/\/agora.xtec.cat\/escolacollserolacerdanyola\/wp-content\/uploads\/usu1390\/2018\/05\/6b8130cd-174b-4252-9ac3-07dc67cdcf64-568x1024.jpg 568w, https:\/\/agora.xtec.cat\/escolacollserolacerdanyola\/wp-content\/uploads\/usu1390\/2018\/05\/6b8130cd-174b-4252-9ac3-07dc67cdcf64-167x300.jpg 167w, https:\/\/agora.xtec.cat\/escolacollserolacerdanyola\/wp-content\/uploads\/usu1390\/2018\/05\/6b8130cd-174b-4252-9ac3-07dc67cdcf64-768x1384.jpg 768w, https:\/\/agora.xtec.cat\/escolacollserolacerdanyola\/wp-content\/uploads\/usu1390\/2018\/05\/6b8130cd-174b-4252-9ac3-07dc67cdcf64.jpg 888w\" sizes=\"auto, (max-width: 568px) 100vw, 568px\" \/><\/a> <a href=\"http:\/\/agora.xtec.cat\/escolacollserolacerdanyola\/wp-content\/uploads\/usu1390\/2018\/05\/773ee24c-7037-45cf-8416-7c5465222d2c.jpg\"><img loading=\"lazy\" decoding=\"async\" class=\"alignnone size-large wp-image-13389\" src=\"http:\/\/agora.xtec.cat\/escolacollserolacerdanyola\/wp-content\/uploads\/usu1390\/2018\/05\/773ee24c-7037-45cf-8416-7c5465222d2c-568x1024.jpg\" alt=\"\" width=\"568\" height=\"1024\" srcset=\"https:\/\/agora.xtec.cat\/escolacollserolacerdanyola\/wp-content\/uploads\/usu1390\/2018\/05\/773ee24c-7037-45cf-8416-7c5465222d2c-568x1024.jpg 568w, https:\/\/agora.xtec.cat\/escolacollserolacerdanyola\/wp-content\/uploads\/usu1390\/2018\/05\/773ee24c-7037-45cf-8416-7c5465222d2c-167x300.jpg 167w, https:\/\/agora.xtec.cat\/escolacollserolacerdanyola\/wp-content\/uploads\/usu1390\/2018\/05\/773ee24c-7037-45cf-8416-7c5465222d2c-768x1384.jpg 768w, https:\/\/agora.xtec.cat\/escolacollserolacerdanyola\/wp-content\/uploads\/usu1390\/2018\/05\/773ee24c-7037-45cf-8416-7c5465222d2c.jpg 888w\" sizes=\"auto, (max-width: 568px) 100vw, 568px\" \/><\/a> <a href=\"http:\/\/agora.xtec.cat\/escolacollserolacerdanyola\/wp-content\/uploads\/usu1390\/2018\/05\/911bca0a-23e2-4d4c-9519-cde4fdb59980.jpg\"><img loading=\"lazy\" decoding=\"async\" class=\"alignnone size-large wp-image-13390\" src=\"http:\/\/agora.xtec.cat\/escolacollserolacerdanyola\/wp-content\/uploads\/usu1390\/2018\/05\/911bca0a-23e2-4d4c-9519-cde4fdb59980-1024x760.jpg\" alt=\"\" width=\"1024\" height=\"760\" srcset=\"https:\/\/agora.xtec.cat\/escolacollserolacerdanyola\/wp-content\/uploads\/usu1390\/2018\/05\/911bca0a-23e2-4d4c-9519-cde4fdb59980-1024x760.jpg 1024w, https:\/\/agora.xtec.cat\/escolacollserolacerdanyola\/wp-content\/uploads\/usu1390\/2018\/05\/911bca0a-23e2-4d4c-9519-cde4fdb59980-300x223.jpg 300w, https:\/\/agora.xtec.cat\/escolacollserolacerdanyola\/wp-content\/uploads\/usu1390\/2018\/05\/911bca0a-23e2-4d4c-9519-cde4fdb59980-768x570.jpg 768w, https:\/\/agora.xtec.cat\/escolacollserolacerdanyola\/wp-content\/uploads\/usu1390\/2018\/05\/911bca0a-23e2-4d4c-9519-cde4fdb59980.jpg 1599w\" sizes=\"auto, (max-width: 1024px) 100vw, 1024px\" \/><\/a> <a href=\"http:\/\/agora.xtec.cat\/escolacollserolacerdanyola\/wp-content\/uploads\/usu1390\/2018\/05\/a6cc13cd-2174-498c-a837-4087002b16fa.jpg\"><img loading=\"lazy\" decoding=\"async\" class=\"alignnone size-large wp-image-13391\" src=\"http:\/\/agora.xtec.cat\/escolacollserolacerdanyola\/wp-content\/uploads\/usu1390\/2018\/05\/a6cc13cd-2174-498c-a837-4087002b16fa-1024x568.jpg\" alt=\"\" width=\"1024\" height=\"568\" srcset=\"https:\/\/agora.xtec.cat\/escolacollserolacerdanyola\/wp-content\/uploads\/usu1390\/2018\/05\/a6cc13cd-2174-498c-a837-4087002b16fa-1024x568.jpg 1024w, https:\/\/agora.xtec.cat\/escolacollserolacerdanyola\/wp-content\/uploads\/usu1390\/2018\/05\/a6cc13cd-2174-498c-a837-4087002b16fa-300x167.jpg 300w, https:\/\/agora.xtec.cat\/escolacollserolacerdanyola\/wp-content\/uploads\/usu1390\/2018\/05\/a6cc13cd-2174-498c-a837-4087002b16fa-768x426.jpg 768w, https:\/\/agora.xtec.cat\/escolacollserolacerdanyola\/wp-content\/uploads\/usu1390\/2018\/05\/a6cc13cd-2174-498c-a837-4087002b16fa.jpg 1600w\" sizes=\"auto, (max-width: 1024px) 100vw, 1024px\" \/><\/a> <a href=\"http:\/\/agora.xtec.cat\/escolacollserolacerdanyola\/wp-content\/uploads\/usu1390\/2018\/05\/d50a81ef-1de8-45f4-b890-9f2754cec609.jpg\"><img loading=\"lazy\" decoding=\"async\" class=\"alignnone size-large wp-image-13392\" src=\"http:\/\/agora.xtec.cat\/escolacollserolacerdanyola\/wp-content\/uploads\/usu1390\/2018\/05\/d50a81ef-1de8-45f4-b890-9f2754cec609.jpg\" alt=\"\" width=\"320\" height=\"239\" srcset=\"https:\/\/agora.xtec.cat\/escolacollserolacerdanyola\/wp-content\/uploads\/usu1390\/2018\/05\/d50a81ef-1de8-45f4-b890-9f2754cec609.jpg 320w, https:\/\/agora.xtec.cat\/escolacollserolacerdanyola\/wp-content\/uploads\/usu1390\/2018\/05\/d50a81ef-1de8-45f4-b890-9f2754cec609-300x224.jpg 300w, https:\/\/agora.xtec.cat\/escolacollserolacerdanyola\/wp-content\/uploads\/usu1390\/2018\/05\/d50a81ef-1de8-45f4-b890-9f2754cec609-200x150.jpg 200w\" sizes=\"auto, (max-width: 320px) 100vw, 320px\" \/><\/a> <a href=\"http:\/\/agora.xtec.cat\/escolacollserolacerdanyola\/wp-content\/uploads\/usu1390\/2018\/05\/ddab29d2-a1e4-4c20-8c42-c1a5658e90dd.jpg\"><img loading=\"lazy\" decoding=\"async\" class=\"alignnone size-large wp-image-13393\" src=\"http:\/\/agora.xtec.cat\/escolacollserolacerdanyola\/wp-content\/uploads\/usu1390\/2018\/05\/ddab29d2-a1e4-4c20-8c42-c1a5658e90dd-760x1024.jpg\" alt=\"\" width=\"760\" height=\"1024\" srcset=\"https:\/\/agora.xtec.cat\/escolacollserolacerdanyola\/wp-content\/uploads\/usu1390\/2018\/05\/ddab29d2-a1e4-4c20-8c42-c1a5658e90dd-760x1024.jpg 760w, https:\/\/agora.xtec.cat\/escolacollserolacerdanyola\/wp-content\/uploads\/usu1390\/2018\/05\/ddab29d2-a1e4-4c20-8c42-c1a5658e90dd-223x300.jpg 223w, https:\/\/agora.xtec.cat\/escolacollserolacerdanyola\/wp-content\/uploads\/usu1390\/2018\/05\/ddab29d2-a1e4-4c20-8c42-c1a5658e90dd-768x1035.jpg 768w, https:\/\/agora.xtec.cat\/escolacollserolacerdanyola\/wp-content\/uploads\/usu1390\/2018\/05\/ddab29d2-a1e4-4c20-8c42-c1a5658e90dd.jpg 1186w\" sizes=\"auto, (max-width: 760px) 100vw, 760px\" \/><\/a> <a href=\"http:\/\/agora.xtec.cat\/escolacollserolacerdanyola\/wp-content\/uploads\/usu1390\/2018\/05\/IMG_0702.jpg\"><img loading=\"lazy\" decoding=\"async\" class=\"alignnone size-large wp-image-13394\" src=\"http:\/\/agora.xtec.cat\/escolacollserolacerdanyola\/wp-content\/uploads\/usu1390\/2018\/05\/IMG_0702-1024x576.jpg\" alt=\"\" width=\"1024\" height=\"576\" srcset=\"https:\/\/agora.xtec.cat\/escolacollserolacerdanyola\/wp-content\/uploads\/usu1390\/2018\/05\/IMG_0702-1024x576.jpg 1024w, https:\/\/agora.xtec.cat\/escolacollserolacerdanyola\/wp-content\/uploads\/usu1390\/2018\/05\/IMG_0702-300x169.jpg 300w, https:\/\/agora.xtec.cat\/escolacollserolacerdanyola\/wp-content\/uploads\/usu1390\/2018\/05\/IMG_0702-768x432.jpg 768w, https:\/\/agora.xtec.cat\/escolacollserolacerdanyola\/wp-content\/uploads\/usu1390\/2018\/05\/IMG_0702.jpg 1280w\" sizes=\"auto, (max-width: 1024px) 100vw, 1024px\" \/><\/a><\/div>\n<div><a href=\"http:\/\/agora.xtec.cat\/escolacollserolacerdanyola\/wp-content\/uploads\/usu1390\/2018\/05\/IMG_0703.jpg\"><img loading=\"lazy\" decoding=\"async\" class=\"alignnone size-large wp-image-13395\" src=\"http:\/\/agora.xtec.cat\/escolacollserolacerdanyola\/wp-content\/uploads\/usu1390\/2018\/05\/IMG_0703-1024x576.jpg\" alt=\"\" width=\"1024\" height=\"576\" srcset=\"https:\/\/agora.xtec.cat\/escolacollserolacerdanyola\/wp-content\/uploads\/usu1390\/2018\/05\/IMG_0703-1024x576.jpg 1024w, https:\/\/agora.xtec.cat\/escolacollserolacerdanyola\/wp-content\/uploads\/usu1390\/2018\/05\/IMG_0703-300x169.jpg 300w, https:\/\/agora.xtec.cat\/escolacollserolacerdanyola\/wp-content\/uploads\/usu1390\/2018\/05\/IMG_0703-768x432.jpg 768w, https:\/\/agora.xtec.cat\/escolacollserolacerdanyola\/wp-content\/uploads\/usu1390\/2018\/05\/IMG_0703.jpg 1280w\" sizes=\"auto, (max-width: 1024px) 100vw, 1024px\" \/><\/a> <a href=\"http:\/\/agora.xtec.cat\/escolacollserolacerdanyola\/wp-content\/uploads\/usu1390\/2018\/05\/IMG_0704.jpg\"><img loading=\"lazy\" decoding=\"async\" class=\"alignnone size-large wp-image-13396\" src=\"http:\/\/agora.xtec.cat\/escolacollserolacerdanyola\/wp-content\/uploads\/usu1390\/2018\/05\/IMG_0704-1024x576.jpg\" alt=\"\" width=\"1024\" height=\"576\" srcset=\"https:\/\/agora.xtec.cat\/escolacollserolacerdanyola\/wp-content\/uploads\/usu1390\/2018\/05\/IMG_0704-1024x576.jpg 1024w, https:\/\/agora.xtec.cat\/escolacollserolacerdanyola\/wp-content\/uploads\/usu1390\/2018\/05\/IMG_0704-300x169.jpg 300w, https:\/\/agora.xtec.cat\/escolacollserolacerdanyola\/wp-content\/uploads\/usu1390\/2018\/05\/IMG_0704-768x432.jpg 768w, https:\/\/agora.xtec.cat\/escolacollserolacerdanyola\/wp-content\/uploads\/usu1390\/2018\/05\/IMG_0704.jpg 1280w\" sizes=\"auto, (max-width: 1024px) 100vw, 1024px\" \/><\/a> <a href=\"http:\/\/agora.xtec.cat\/escolacollserolacerdanyola\/wp-content\/uploads\/usu1390\/2018\/05\/IMG_0705.jpg\"><img loading=\"lazy\" decoding=\"async\" class=\"alignnone size-large wp-image-13397\" src=\"http:\/\/agora.xtec.cat\/escolacollserolacerdanyola\/wp-content\/uploads\/usu1390\/2018\/05\/IMG_0705-1024x576.jpg\" alt=\"\" width=\"1024\" height=\"576\" srcset=\"https:\/\/agora.xtec.cat\/escolacollserolacerdanyola\/wp-content\/uploads\/usu1390\/2018\/05\/IMG_0705-1024x576.jpg 1024w, https:\/\/agora.xtec.cat\/escolacollserolacerdanyola\/wp-content\/uploads\/usu1390\/2018\/05\/IMG_0705-300x169.jpg 300w, https:\/\/agora.xtec.cat\/escolacollserolacerdanyola\/wp-content\/uploads\/usu1390\/2018\/05\/IMG_0705-768x432.jpg 768w, https:\/\/agora.xtec.cat\/escolacollserolacerdanyola\/wp-content\/uploads\/usu1390\/2018\/05\/IMG_0705.jpg 1280w\" sizes=\"auto, (max-width: 1024px) 100vw, 1024px\" \/><\/a> <a href=\"http:\/\/agora.xtec.cat\/escolacollserolacerdanyola\/wp-content\/uploads\/usu1390\/2018\/05\/IMG_0706.jpg\"><img loading=\"lazy\" decoding=\"async\" class=\"alignnone size-large wp-image-13398\" src=\"http:\/\/agora.xtec.cat\/escolacollserolacerdanyola\/wp-content\/uploads\/usu1390\/2018\/05\/IMG_0706-1024x576.jpg\" alt=\"\" width=\"1024\" height=\"576\" srcset=\"https:\/\/agora.xtec.cat\/escolacollserolacerdanyola\/wp-content\/uploads\/usu1390\/2018\/05\/IMG_0706-1024x576.jpg 1024w, https:\/\/agora.xtec.cat\/escolacollserolacerdanyola\/wp-content\/uploads\/usu1390\/2018\/05\/IMG_0706-300x169.jpg 300w, https:\/\/agora.xtec.cat\/escolacollserolacerdanyola\/wp-content\/uploads\/usu1390\/2018\/05\/IMG_0706-768x432.jpg 768w, https:\/\/agora.xtec.cat\/escolacollserolacerdanyola\/wp-content\/uploads\/usu1390\/2018\/05\/IMG_0706.jpg 1280w\" sizes=\"auto, (max-width: 1024px) 100vw, 1024px\" \/><\/a> <a href=\"http:\/\/agora.xtec.cat\/escolacollserolacerdanyola\/wp-content\/uploads\/usu1390\/2018\/05\/IMG_0707.jpg\"><img loading=\"lazy\" decoding=\"async\" class=\"alignnone size-large wp-image-13399\" src=\"http:\/\/agora.xtec.cat\/escolacollserolacerdanyola\/wp-content\/uploads\/usu1390\/2018\/05\/IMG_0707-1024x576.jpg\" alt=\"\" width=\"1024\" height=\"576\" srcset=\"https:\/\/agora.xtec.cat\/escolacollserolacerdanyola\/wp-content\/uploads\/usu1390\/2018\/05\/IMG_0707-1024x576.jpg 1024w, https:\/\/agora.xtec.cat\/escolacollserolacerdanyola\/wp-content\/uploads\/usu1390\/2018\/05\/IMG_0707-300x169.jpg 300w, https:\/\/agora.xtec.cat\/escolacollserolacerdanyola\/wp-content\/uploads\/usu1390\/2018\/05\/IMG_0707-768x432.jpg 768w, https:\/\/agora.xtec.cat\/escolacollserolacerdanyola\/wp-content\/uploads\/usu1390\/2018\/05\/IMG_0707.jpg 1280w\" sizes=\"auto, (max-width: 1024px) 100vw, 1024px\" \/><\/a> <a href=\"http:\/\/agora.xtec.cat\/escolacollserolacerdanyola\/wp-content\/uploads\/usu1390\/2018\/05\/IMG_0708.jpg\"><img loading=\"lazy\" decoding=\"async\" class=\"alignnone size-large wp-image-13400\" src=\"http:\/\/agora.xtec.cat\/escolacollserolacerdanyola\/wp-content\/uploads\/usu1390\/2018\/05\/IMG_0708.jpg\" alt=\"\" width=\"320\" height=\"180\" srcset=\"https:\/\/agora.xtec.cat\/escolacollserolacerdanyola\/wp-content\/uploads\/usu1390\/2018\/05\/IMG_0708.jpg 320w, https:\/\/agora.xtec.cat\/escolacollserolacerdanyola\/wp-content\/uploads\/usu1390\/2018\/05\/IMG_0708-300x169.jpg 300w\" sizes=\"auto, (max-width: 320px) 100vw, 320px\" \/><\/a> <a href=\"http:\/\/agora.xtec.cat\/escolacollserolacerdanyola\/wp-content\/uploads\/usu1390\/2018\/05\/ff284e68-e599-4fed-bc00-a7c235e0b534.jpg\"><img loading=\"lazy\" decoding=\"async\" class=\"alignnone size-large wp-image-13401\" src=\"http:\/\/agora.xtec.cat\/escolacollserolacerdanyola\/wp-content\/uploads\/usu1390\/2018\/05\/ff284e68-e599-4fed-bc00-a7c235e0b534-1024x760.jpg\" alt=\"\" width=\"1024\" height=\"760\" srcset=\"https:\/\/agora.xtec.cat\/escolacollserolacerdanyola\/wp-content\/uploads\/usu1390\/2018\/05\/ff284e68-e599-4fed-bc00-a7c235e0b534-1024x760.jpg 1024w, https:\/\/agora.xtec.cat\/escolacollserolacerdanyola\/wp-content\/uploads\/usu1390\/2018\/05\/ff284e68-e599-4fed-bc00-a7c235e0b534-300x223.jpg 300w, https:\/\/agora.xtec.cat\/escolacollserolacerdanyola\/wp-content\/uploads\/usu1390\/2018\/05\/ff284e68-e599-4fed-bc00-a7c235e0b534-768x570.jpg 768w, https:\/\/agora.xtec.cat\/escolacollserolacerdanyola\/wp-content\/uploads\/usu1390\/2018\/05\/ff284e68-e599-4fed-bc00-a7c235e0b534.jpg 1599w\" sizes=\"auto, (max-width: 1024px) 100vw, 1024px\" \/><\/a><\/div>\n","protected":false},"excerpt":{"rendered":"<p>&#8220;Jo sense cap mena de dubte&#8230; \u00e9s la festa amb la que m\u00e9s gaudeixo&#8221;, deia una mare que va col\u00b7laborar a la festa de l&#8217;hort.<br \/>\n\u00c9s cert, va ser una tarda molt entranyable en la que vam gaudir grans i petits&#8230; i a m\u00e9s a m\u00e9s&hellip;  <a href=\"https:\/\/agora.xtec.cat\/escolacollserolacerdanyola\/associacio-de-families-dinfants\/festa-de-lhort-2\/\" title=\"Read La Comunitat Educativa del Collserola d\u00f3na la Benvinguda a la Primavera, amb la seva Tradicional Festa de l\u00b4Hort.\">Llegeix m\u00e9s\u00bb<\/a><\/p>\n","protected":false},"author":24,"featured_media":13398,"comment_status":"open","ping_status":"closed","sticky":false,"template":"","format":"standard","meta":{"_bbp_topic_count":0,"_bbp_reply_count":0,"_bbp_total_topic_count":0,"_bbp_total_reply_count":0,"_bbp_voice_count":0,"_bbp_anonymous_reply_count":0,"_bbp_topic_count_hidden":0,"_bbp_reply_count_hidden":0,"_bbp_forum_subforum_count":0,"footnotes":""},"categories":[7],"tags":[],"class_list":["post-13382","post","type-post","status-publish","format-standard","has-post-thumbnail","hentry","category-associacio-de-families-dinfants"],"post_mailing_queue_ids":[],"_links":{"self":[{"href":"https:\/\/agora.xtec.cat\/escolacollserolacerdanyola\/wp-json\/wp\/v2\/posts\/13382","targetHints":{"allow":["GET"]}}],"collection":[{"href":"https:\/\/agora.xtec.cat\/escolacollserolacerdanyola\/wp-json\/wp\/v2\/posts"}],"about":[{"href":"https:\/\/agora.xtec.cat\/escolacollserolacerdanyola\/wp-json\/wp\/v2\/types\/post"}],"author":[{"embeddable":true,"href":"https:\/\/agora.xtec.cat\/escolacollserolacerdanyola\/wp-json\/wp\/v2\/users\/24"}],"replies":[{"embeddable":true,"href":"https:\/\/agora.xtec.cat\/escolacollserolacerdanyola\/wp-json\/wp\/v2\/comments?post=13382"}],"version-history":[{"count":3,"href":"https:\/\/agora.xtec.cat\/escolacollserolacerdanyola\/wp-json\/wp\/v2\/posts\/13382\/revisions"}],"predecessor-version":[{"id":13406,"href":"https:\/\/agora.xtec.cat\/escolacollserolacerdanyola\/wp-json\/wp\/v2\/posts\/13382\/revisions\/13406"}],"wp:featuredmedia":[{"embeddable":true,"href":"https:\/\/agora.xtec.cat\/escolacollserolacerdanyola\/wp-json\/wp\/v2\/media\/13398"}],"wp:attachment":[{"href":"https:\/\/agora.xtec.cat\/escolacollserolacerdanyola\/wp-json\/wp\/v2\/media?parent=13382"}],"wp:term":[{"taxonomy":"category","embeddable":true,"href":"https:\/\/agora.xtec.cat\/escolacollserolacerdanyola\/wp-json\/wp\/v2\/categories?post=13382"},{"taxonomy":"post_tag","embeddable":true,"href":"https:\/\/agora.xtec.cat\/escolacollserolacerdanyola\/wp-json\/wp\/v2\/tags?post=13382"}],"curies":[{"name":"wp","href":"https:\/\/api.w.org\/{rel}","templated":true}]}}