{"id":13221,"date":"2018-05-09T20:29:04","date_gmt":"2018-05-09T18:29:04","guid":{"rendered":"http:\/\/agora.xtec.cat\/escolacollserolacerdanyola\/?p=13221"},"modified":"2018-05-09T20:29:04","modified_gmt":"2018-05-09T18:29:04","slug":"els-gorilles-de-colonies","status":"publish","type":"post","link":"https:\/\/agora.xtec.cat\/escolacollserolacerdanyola\/ei3-ei4-ei5\/els-gorilles-de-colonies\/","title":{"rendered":"Els goril\u00b7les de col\u00f2nies"},"content":{"rendered":"<p>Hem anat per primer cop de col\u00f2nies i ha estat una gran experi\u00e8ncia que hem gaudit molt\u00edssim!!<\/p>\n<p>Els goril\u00b7les vam anar de col\u00f2nies a Cabrera de mar i ens vam convertir en aut\u00e8ntics pirates, amb la companyia de la Pirata Lola i el Pirata Nassut. Ens ho vam passar d&#8217;all\u00f2 m\u00e9s b\u00e9, vam fer moltes activitats en un entorn natural fant\u00e0stic, vam dinar, sopar i esmorzar molt b\u00e9 i vam dormir tots junts en lliteres en una habitaci\u00f3 i el m\u00e9s important \u00e9s que ens ho hem passat molt b\u00e9 i hem rigut molt durant les col\u00f2nies.<\/p>\n<p>Fam\u00edlies mireu que b\u00e9 ens ho hem passat, i esperarem amb ganes les pr\u00f2ximes col\u00f2nies!!!<\/p>\n<p><a href=\"https:\/\/photos.app.goo.gl\/h1cva2CPWQL9FJzR6\">Cliqueu aqu\u00ed per veure les fotos de les col\u00f2nies!<\/a><\/p>\n<p><a href=\"http:\/\/agora.xtec.cat\/escolacollserolacerdanyola\/wp-content\/uploads\/usu1390\/2018\/05\/071.4.jpg\"><img loading=\"lazy\" decoding=\"async\" class=\"alignnone wp-image-13222\" src=\"http:\/\/agora.xtec.cat\/escolacollserolacerdanyola\/wp-content\/uploads\/usu1390\/2018\/05\/071.4-1024x768.jpg\" alt=\"\" width=\"615\" height=\"461\" srcset=\"https:\/\/agora.xtec.cat\/escolacollserolacerdanyola\/wp-content\/uploads\/usu1390\/2018\/05\/071.4-1024x768.jpg 1024w, https:\/\/agora.xtec.cat\/escolacollserolacerdanyola\/wp-content\/uploads\/usu1390\/2018\/05\/071.4-300x225.jpg 300w, https:\/\/agora.xtec.cat\/escolacollserolacerdanyola\/wp-content\/uploads\/usu1390\/2018\/05\/071.4-768x576.jpg 768w, https:\/\/agora.xtec.cat\/escolacollserolacerdanyola\/wp-content\/uploads\/usu1390\/2018\/05\/071.4-200x150.jpg 200w\" sizes=\"auto, (max-width: 615px) 100vw, 615px\" \/><\/a><\/p>\n","protected":false},"excerpt":{"rendered":"<p>Hem anat per primer cop de col\u00f2nies i ha estat una gran experi\u00e8ncia que hem gaudit molt\u00edssim!!<br \/>\nEls goril\u00b7les vam anar de col\u00f2nies a Cabrera de mar i ens vam convertir en aut\u00e8ntics pirates, amb la companyia de la Pirata Lola i el Pirata Nassut. Ens&hellip;  <a href=\"https:\/\/agora.xtec.cat\/escolacollserolacerdanyola\/ei3-ei4-ei5\/els-gorilles-de-colonies\/\" title=\"Read Els goril\u00b7les de col\u00f2nies\">Llegeix m\u00e9s\u00bb<\/a><\/p>\n","protected":false},"author":6,"featured_media":13222,"comment_status":"open","ping_status":"closed","sticky":false,"template":"","format":"standard","meta":{"_bbp_topic_count":0,"_bbp_reply_count":0,"_bbp_total_topic_count":0,"_bbp_total_reply_count":0,"_bbp_voice_count":0,"_bbp_anonymous_reply_count":0,"_bbp_topic_count_hidden":0,"_bbp_reply_count_hidden":0,"_bbp_forum_subforum_count":0,"footnotes":""},"categories":[2,9],"tags":[],"class_list":["post-13221","post","type-post","status-publish","format-standard","has-post-thumbnail","hentry","category-ei3-ei4-ei5","category-ei5"],"post_mailing_queue_ids":[],"_links":{"self":[{"href":"https:\/\/agora.xtec.cat\/escolacollserolacerdanyola\/wp-json\/wp\/v2\/posts\/13221","targetHints":{"allow":["GET"]}}],"collection":[{"href":"https:\/\/agora.xtec.cat\/escolacollserolacerdanyola\/wp-json\/wp\/v2\/posts"}],"about":[{"href":"https:\/\/agora.xtec.cat\/escolacollserolacerdanyola\/wp-json\/wp\/v2\/types\/post"}],"author":[{"embeddable":true,"href":"https:\/\/agora.xtec.cat\/escolacollserolacerdanyola\/wp-json\/wp\/v2\/users\/6"}],"replies":[{"embeddable":true,"href":"https:\/\/agora.xtec.cat\/escolacollserolacerdanyola\/wp-json\/wp\/v2\/comments?post=13221"}],"version-history":[{"count":1,"href":"https:\/\/agora.xtec.cat\/escolacollserolacerdanyola\/wp-json\/wp\/v2\/posts\/13221\/revisions"}],"predecessor-version":[{"id":13223,"href":"https:\/\/agora.xtec.cat\/escolacollserolacerdanyola\/wp-json\/wp\/v2\/posts\/13221\/revisions\/13223"}],"wp:featuredmedia":[{"embeddable":true,"href":"https:\/\/agora.xtec.cat\/escolacollserolacerdanyola\/wp-json\/wp\/v2\/media\/13222"}],"wp:attachment":[{"href":"https:\/\/agora.xtec.cat\/escolacollserolacerdanyola\/wp-json\/wp\/v2\/media?parent=13221"}],"wp:term":[{"taxonomy":"category","embeddable":true,"href":"https:\/\/agora.xtec.cat\/escolacollserolacerdanyola\/wp-json\/wp\/v2\/categories?post=13221"},{"taxonomy":"post_tag","embeddable":true,"href":"https:\/\/agora.xtec.cat\/escolacollserolacerdanyola\/wp-json\/wp\/v2\/tags?post=13221"}],"curies":[{"name":"wp","href":"https:\/\/api.w.org\/{rel}","templated":true}]}}