{"id":13096,"date":"2018-04-19T12:29:00","date_gmt":"2018-04-19T10:29:00","guid":{"rendered":"http:\/\/agora.xtec.cat\/escolacollserolacerdanyola\/?p=13096"},"modified":"2018-04-19T12:29:00","modified_gmt":"2018-04-19T10:29:00","slug":"la-vida-den-carbasso","status":"publish","type":"post","link":"https:\/\/agora.xtec.cat\/escolacollserolacerdanyola\/de-1r-a-6e\/5e\/la-vida-den-carbasso\/","title":{"rendered":"LA VIDA D&#8217;EN CARBASS\u00d3"},"content":{"rendered":"<p>Els grups de cicle superior hem anat avui al cinema a veure la pel\u00b7l\u00edcula LA VIDA D&#8217;EN CARBASS\u00d3.<\/p>\n<p>En Carbass\u00f3 \u00e9s un nen de 9 anys, amb un nom estrany per\u00f2 una hist\u00f2ria \u00fanica i alhora universal.<br \/>\nUna aposta diferent, valenta i pedag\u00f2gica de cinema per a nens.<\/p>\n<p>Cal destacar que La vida d\u2019en Carbass\u00f3 s\u2019ha convertit en la pel\u00b7l\u00edcula d\u2019animaci\u00f3 m\u00e9s guardonada de l\u2019any. Podeu trobar m\u00e9s informaci\u00f3 a l&#8217;enlla\u00e7 seg\u00fcent\u00a0http:\/\/ritalucafilms.com\/portfolio\/la-vida-calabacin\/.<\/p>\n<p>Els nostres alumnes han arribat a l&#8217;escola carregats de nous sentiments i emocions, per\u00f2 sobretot\u00a0gens indiferents.<\/p>\n<p><a href=\"https:\/\/photos.app.goo.gl\/HAcC4ADmD5OGlHVF3\">Els nostres sentiments<\/a><\/p>\n","protected":false},"excerpt":{"rendered":"<p>Els grups de cicle superior hem anat avui al cinema a veure la pel\u00b7l\u00edcula LA VIDA D&#8217;EN CARBASS\u00d3.<br \/>\nEn Carbass\u00f3 \u00e9s un nen de 9 anys, amb un nom estrany per\u00f2 una hist\u00f2ria \u00fanica i alhora universal.<br \/>\nUna aposta diferent, valenta i pedag\u00f2gica de cinema per a&hellip;  <a href=\"https:\/\/agora.xtec.cat\/escolacollserolacerdanyola\/de-1r-a-6e\/5e\/la-vida-den-carbasso\/\" title=\"Read LA VIDA D&#8217;EN CARBASS\u00d3\">Llegeix m\u00e9s\u00bb<\/a><\/p>\n","protected":false},"author":23,"featured_media":0,"comment_status":"open","ping_status":"closed","sticky":false,"template":"","format":"standard","meta":{"_bbp_topic_count":0,"_bbp_reply_count":0,"_bbp_total_topic_count":0,"_bbp_total_reply_count":0,"_bbp_voice_count":0,"_bbp_anonymous_reply_count":0,"_bbp_topic_count_hidden":0,"_bbp_reply_count_hidden":0,"_bbp_forum_subforum_count":0,"footnotes":""},"categories":[14,15,86],"tags":[],"class_list":["post-13096","post","type-post","status-publish","format-standard","hentry","category-5e","category-6e","category-grans"],"post_mailing_queue_ids":[],"_links":{"self":[{"href":"https:\/\/agora.xtec.cat\/escolacollserolacerdanyola\/wp-json\/wp\/v2\/posts\/13096","targetHints":{"allow":["GET"]}}],"collection":[{"href":"https:\/\/agora.xtec.cat\/escolacollserolacerdanyola\/wp-json\/wp\/v2\/posts"}],"about":[{"href":"https:\/\/agora.xtec.cat\/escolacollserolacerdanyola\/wp-json\/wp\/v2\/types\/post"}],"author":[{"embeddable":true,"href":"https:\/\/agora.xtec.cat\/escolacollserolacerdanyola\/wp-json\/wp\/v2\/users\/23"}],"replies":[{"embeddable":true,"href":"https:\/\/agora.xtec.cat\/escolacollserolacerdanyola\/wp-json\/wp\/v2\/comments?post=13096"}],"version-history":[{"count":1,"href":"https:\/\/agora.xtec.cat\/escolacollserolacerdanyola\/wp-json\/wp\/v2\/posts\/13096\/revisions"}],"predecessor-version":[{"id":13097,"href":"https:\/\/agora.xtec.cat\/escolacollserolacerdanyola\/wp-json\/wp\/v2\/posts\/13096\/revisions\/13097"}],"wp:attachment":[{"href":"https:\/\/agora.xtec.cat\/escolacollserolacerdanyola\/wp-json\/wp\/v2\/media?parent=13096"}],"wp:term":[{"taxonomy":"category","embeddable":true,"href":"https:\/\/agora.xtec.cat\/escolacollserolacerdanyola\/wp-json\/wp\/v2\/categories?post=13096"},{"taxonomy":"post_tag","embeddable":true,"href":"https:\/\/agora.xtec.cat\/escolacollserolacerdanyola\/wp-json\/wp\/v2\/tags?post=13096"}],"curies":[{"name":"wp","href":"https:\/\/api.w.org\/{rel}","templated":true}]}}