{"id":13037,"date":"2018-04-10T22:04:09","date_gmt":"2018-04-10T20:04:09","guid":{"rendered":"http:\/\/agora.xtec.cat\/escolacollserolacerdanyola\/?p=13037"},"modified":"2018-04-10T22:04:09","modified_gmt":"2018-04-10T20:04:09","slug":"els-gorilles-anem-a-lespai-de-natura","status":"publish","type":"post","link":"https:\/\/agora.xtec.cat\/escolacollserolacerdanyola\/ei3-ei4-ei5\/els-gorilles-anem-a-lespai-de-natura\/","title":{"rendered":"Els goril\u00b7les anem a l&#8217;espai de natura"},"content":{"rendered":"<p>Al espai\u00a0 de natura hem experimentat amb un munt de diferents materials com sorra, macarrons, espaguetis, tubs de cartr\u00f3 de diferents mides i llegums entre d\u2019altres i hem fet les nostres descobertes experimentant, manipulant i provant diferents coses.<\/p>\n<p>Ens ho passem d\u2019all\u00f2 m\u00e9s b\u00e9!<\/p>\n<p><a href=\"http:\/\/agora.xtec.cat\/escolacollserolacerdanyola\/wp-content\/uploads\/usu1390\/2018\/04\/20180119_120407-copia.jpg\"><img loading=\"lazy\" decoding=\"async\" class=\"alignnone wp-image-13038\" src=\"http:\/\/agora.xtec.cat\/escolacollserolacerdanyola\/wp-content\/uploads\/usu1390\/2018\/04\/20180119_120407-copia-1024x768.jpg\" alt=\"\" width=\"450\" height=\"337\" srcset=\"https:\/\/agora.xtec.cat\/escolacollserolacerdanyola\/wp-content\/uploads\/usu1390\/2018\/04\/20180119_120407-copia-1024x768.jpg 1024w, https:\/\/agora.xtec.cat\/escolacollserolacerdanyola\/wp-content\/uploads\/usu1390\/2018\/04\/20180119_120407-copia-300x225.jpg 300w, https:\/\/agora.xtec.cat\/escolacollserolacerdanyola\/wp-content\/uploads\/usu1390\/2018\/04\/20180119_120407-copia-768x576.jpg 768w, https:\/\/agora.xtec.cat\/escolacollserolacerdanyola\/wp-content\/uploads\/usu1390\/2018\/04\/20180119_120407-copia-200x150.jpg 200w, https:\/\/agora.xtec.cat\/escolacollserolacerdanyola\/wp-content\/uploads\/usu1390\/2018\/04\/20180119_120407-copia.jpg 1032w\" sizes=\"auto, (max-width: 450px) 100vw, 450px\" \/><\/a><\/p>\n<p><a href=\"https:\/\/photos.app.goo.gl\/N2gIQHvNhyocR54r2\">Clica aqu\u00ed per veure les fotos de l&#8217;espai de natura<\/a><\/p>\n","protected":false},"excerpt":{"rendered":"<p>Al espai\u00a0 de natura hem experimentat amb un munt de diferents materials com sorra, macarrons, espaguetis, tubs de cartr\u00f3 de diferents mides i llegums entre d\u2019altres i hem fet les nostres descobertes experimentant, manipulant i provant diferents coses.<br \/>\nEns ho passem d\u2019all\u00f2 m\u00e9s b\u00e9!<br \/>\n<a href=\"http:\/\/agora.xtec.cat\/escolacollserolacerdanyola\/wp-content\/uploads\/usu1390\/2018\/04\/20180119_120407-copia.jpg\"><\/a><br \/>\n<a href=\"https:\/\/photos.app.goo.gl\/N2gIQHvNhyocR54r2\">Clica&hellip;  <a href=\"https:\/\/agora.xtec.cat\/escolacollserolacerdanyola\/ei3-ei4-ei5\/els-gorilles-anem-a-lespai-de-natura\/\" title=\"Read Els goril\u00b7les anem a l&#8217;espai de natura\">Llegeix m\u00e9s\u00bb<\/a><\/p>\n","protected":false},"author":6,"featured_media":13038,"comment_status":"open","ping_status":"closed","sticky":false,"template":"","format":"standard","meta":{"_bbp_topic_count":0,"_bbp_reply_count":0,"_bbp_total_topic_count":0,"_bbp_total_reply_count":0,"_bbp_voice_count":0,"_bbp_anonymous_reply_count":0,"_bbp_topic_count_hidden":0,"_bbp_reply_count_hidden":0,"_bbp_forum_subforum_count":0,"footnotes":""},"categories":[2,9],"tags":[],"class_list":["post-13037","post","type-post","status-publish","format-standard","has-post-thumbnail","hentry","category-ei3-ei4-ei5","category-ei5"],"post_mailing_queue_ids":[],"_links":{"self":[{"href":"https:\/\/agora.xtec.cat\/escolacollserolacerdanyola\/wp-json\/wp\/v2\/posts\/13037","targetHints":{"allow":["GET"]}}],"collection":[{"href":"https:\/\/agora.xtec.cat\/escolacollserolacerdanyola\/wp-json\/wp\/v2\/posts"}],"about":[{"href":"https:\/\/agora.xtec.cat\/escolacollserolacerdanyola\/wp-json\/wp\/v2\/types\/post"}],"author":[{"embeddable":true,"href":"https:\/\/agora.xtec.cat\/escolacollserolacerdanyola\/wp-json\/wp\/v2\/users\/6"}],"replies":[{"embeddable":true,"href":"https:\/\/agora.xtec.cat\/escolacollserolacerdanyola\/wp-json\/wp\/v2\/comments?post=13037"}],"version-history":[{"count":1,"href":"https:\/\/agora.xtec.cat\/escolacollserolacerdanyola\/wp-json\/wp\/v2\/posts\/13037\/revisions"}],"predecessor-version":[{"id":13039,"href":"https:\/\/agora.xtec.cat\/escolacollserolacerdanyola\/wp-json\/wp\/v2\/posts\/13037\/revisions\/13039"}],"wp:featuredmedia":[{"embeddable":true,"href":"https:\/\/agora.xtec.cat\/escolacollserolacerdanyola\/wp-json\/wp\/v2\/media\/13038"}],"wp:attachment":[{"href":"https:\/\/agora.xtec.cat\/escolacollserolacerdanyola\/wp-json\/wp\/v2\/media?parent=13037"}],"wp:term":[{"taxonomy":"category","embeddable":true,"href":"https:\/\/agora.xtec.cat\/escolacollserolacerdanyola\/wp-json\/wp\/v2\/categories?post=13037"},{"taxonomy":"post_tag","embeddable":true,"href":"https:\/\/agora.xtec.cat\/escolacollserolacerdanyola\/wp-json\/wp\/v2\/tags?post=13037"}],"curies":[{"name":"wp","href":"https:\/\/api.w.org\/{rel}","templated":true}]}}