{"id":13031,"date":"2018-04-10T21:54:05","date_gmt":"2018-04-10T19:54:05","guid":{"rendered":"http:\/\/agora.xtec.cat\/escolacollserolacerdanyola\/?p=13031"},"modified":"2018-04-10T21:54:05","modified_gmt":"2018-04-10T19:54:05","slug":"jornades-culturals-amb-els-gorilles","status":"publish","type":"post","link":"https:\/\/agora.xtec.cat\/escolacollserolacerdanyola\/ei3-ei4-ei5\/jornades-culturals-amb-els-gorilles\/","title":{"rendered":"Jornades Culturals amb els Goril\u00b7les"},"content":{"rendered":"<p style=\"text-align: left\">A les jornades culturals vam fer un munt d\u2019activitats relacionades amb les arts esc\u00e8niques, podreu veure a continuaci\u00f3 com va quedar la nostra bandera, com vam dansar amb els \u00a0mocadors, com vam jugar amb la can\u00e7\u00f3 de passegem-nos pel bosc, i com fem el taller de m\u00e0scares i per \u00faltim el concert que tant esper\u00e0vem&#8230; de la D\u00e0maris Gelabert, entre d\u2019altres activitats.<\/p>\n<p style=\"text-align: left\">Vam gaudir molt durant la setmana de jornades culturals!<\/p>\n<p><a href=\"http:\/\/agora.xtec.cat\/escolacollserolacerdanyola\/wp-content\/uploads\/usu1390\/2018\/04\/20180207_102025-copia.jpg\"><img loading=\"lazy\" decoding=\"async\" class=\"alignnone wp-image-13032\" src=\"http:\/\/agora.xtec.cat\/escolacollserolacerdanyola\/wp-content\/uploads\/usu1390\/2018\/04\/20180207_102025-copia-1024x768.jpg\" alt=\"\" width=\"506\" height=\"379\" srcset=\"https:\/\/agora.xtec.cat\/escolacollserolacerdanyola\/wp-content\/uploads\/usu1390\/2018\/04\/20180207_102025-copia-1024x768.jpg 1024w, https:\/\/agora.xtec.cat\/escolacollserolacerdanyola\/wp-content\/uploads\/usu1390\/2018\/04\/20180207_102025-copia-300x225.jpg 300w, https:\/\/agora.xtec.cat\/escolacollserolacerdanyola\/wp-content\/uploads\/usu1390\/2018\/04\/20180207_102025-copia-768x576.jpg 768w, https:\/\/agora.xtec.cat\/escolacollserolacerdanyola\/wp-content\/uploads\/usu1390\/2018\/04\/20180207_102025-copia-200x150.jpg 200w, https:\/\/agora.xtec.cat\/escolacollserolacerdanyola\/wp-content\/uploads\/usu1390\/2018\/04\/20180207_102025-copia.jpg 1032w\" sizes=\"auto, (max-width: 506px) 100vw, 506px\" \/><\/a><\/p>\n<p><a href=\"https:\/\/photos.app.goo.gl\/FL6W9jl0EbVlSwXM2\">Clica aqu\u00ed per veure les fotos de les jornades culturals<\/a><\/p>\n","protected":false},"excerpt":{"rendered":"<p>A les jornades culturals vam fer un munt d\u2019activitats relacionades amb les arts esc\u00e8niques, podreu veure a continuaci\u00f3 com va quedar la nostra bandera, com vam dansar amb els \u00a0mocadors, com vam jugar amb la can\u00e7\u00f3 de passegem-nos pel bosc, i com fem el taller&hellip;  <a href=\"https:\/\/agora.xtec.cat\/escolacollserolacerdanyola\/ei3-ei4-ei5\/jornades-culturals-amb-els-gorilles\/\" title=\"Read Jornades Culturals amb els Goril\u00b7les\">Llegeix m\u00e9s\u00bb<\/a><\/p>\n","protected":false},"author":6,"featured_media":13032,"comment_status":"open","ping_status":"closed","sticky":false,"template":"","format":"standard","meta":{"_bbp_topic_count":0,"_bbp_reply_count":0,"_bbp_total_topic_count":0,"_bbp_total_reply_count":0,"_bbp_voice_count":0,"_bbp_anonymous_reply_count":0,"_bbp_topic_count_hidden":0,"_bbp_reply_count_hidden":0,"_bbp_forum_subforum_count":0,"footnotes":""},"categories":[2,9],"tags":[],"class_list":["post-13031","post","type-post","status-publish","format-standard","has-post-thumbnail","hentry","category-ei3-ei4-ei5","category-ei5"],"post_mailing_queue_ids":[],"_links":{"self":[{"href":"https:\/\/agora.xtec.cat\/escolacollserolacerdanyola\/wp-json\/wp\/v2\/posts\/13031","targetHints":{"allow":["GET"]}}],"collection":[{"href":"https:\/\/agora.xtec.cat\/escolacollserolacerdanyola\/wp-json\/wp\/v2\/posts"}],"about":[{"href":"https:\/\/agora.xtec.cat\/escolacollserolacerdanyola\/wp-json\/wp\/v2\/types\/post"}],"author":[{"embeddable":true,"href":"https:\/\/agora.xtec.cat\/escolacollserolacerdanyola\/wp-json\/wp\/v2\/users\/6"}],"replies":[{"embeddable":true,"href":"https:\/\/agora.xtec.cat\/escolacollserolacerdanyola\/wp-json\/wp\/v2\/comments?post=13031"}],"version-history":[{"count":1,"href":"https:\/\/agora.xtec.cat\/escolacollserolacerdanyola\/wp-json\/wp\/v2\/posts\/13031\/revisions"}],"predecessor-version":[{"id":13033,"href":"https:\/\/agora.xtec.cat\/escolacollserolacerdanyola\/wp-json\/wp\/v2\/posts\/13031\/revisions\/13033"}],"wp:featuredmedia":[{"embeddable":true,"href":"https:\/\/agora.xtec.cat\/escolacollserolacerdanyola\/wp-json\/wp\/v2\/media\/13032"}],"wp:attachment":[{"href":"https:\/\/agora.xtec.cat\/escolacollserolacerdanyola\/wp-json\/wp\/v2\/media?parent=13031"}],"wp:term":[{"taxonomy":"category","embeddable":true,"href":"https:\/\/agora.xtec.cat\/escolacollserolacerdanyola\/wp-json\/wp\/v2\/categories?post=13031"},{"taxonomy":"post_tag","embeddable":true,"href":"https:\/\/agora.xtec.cat\/escolacollserolacerdanyola\/wp-json\/wp\/v2\/tags?post=13031"}],"curies":[{"name":"wp","href":"https:\/\/api.w.org\/{rel}","templated":true}]}}