{"id":12999,"date":"2018-04-09T12:38:38","date_gmt":"2018-04-09T10:38:38","guid":{"rendered":"http:\/\/agora.xtec.cat\/escolacollserolacerdanyola\/?p=12999"},"modified":"2018-04-09T12:38:38","modified_gmt":"2018-04-09T10:38:38","slug":"biblioteca-a-p4","status":"publish","type":"post","link":"https:\/\/agora.xtec.cat\/escolacollserolacerdanyola\/ei3-ei4-ei5\/ei4\/biblioteca-a-p4\/","title":{"rendered":"Biblioteca a P4"},"content":{"rendered":"<p>La biblioteca \u00e9s un dels espais que m\u00e9s ens agrada. All\u00e0 gaudim cada dijous d&#8217;un conte explicat per la mestra i despr\u00e9s d&#8217;una estona lliure de mirar i compartir altres histories amb els companys i companyes.<\/p>\n<p>Ens encanten els contes!!!<\/p>\n<p><a href=\"http:\/\/agora.xtec.cat\/escolacollserolacerdanyola\/wp-content\/uploads\/usu1390\/2018\/04\/\u00edndex.jpeg\"><img loading=\"lazy\" decoding=\"async\" class=\"alignnone size-full wp-image-13000\" src=\"http:\/\/agora.xtec.cat\/escolacollserolacerdanyola\/wp-content\/uploads\/usu1390\/2018\/04\/\u00edndex.jpeg\" alt=\"\" width=\"254\" height=\"198\" \/><\/a><\/p>\n<p>&nbsp;<\/p>\n<p><a href=\"https:\/\/photos.app.goo.gl\/6gltLiU4ddbiCeH83\">clica i veur\u00e0s&#8230;. <\/a><\/p>\n<p>&nbsp;<\/p>\n","protected":false},"excerpt":{"rendered":"<p>La biblioteca \u00e9s un dels espais que m\u00e9s ens agrada. All\u00e0 gaudim cada dijous d&#8217;un conte explicat per la mestra i despr\u00e9s d&#8217;una estona lliure de mirar i compartir altres histories amb els companys i companyes.<br \/>\nEns encanten els contes!!!<br \/>\n<a href=\"http:\/\/agora.xtec.cat\/escolacollserolacerdanyola\/wp-content\/uploads\/usu1390\/2018\/04\/\u00edndex.jpeg\"><\/a><br \/>\n&nbsp;<br \/>\n<a href=\"https:\/\/photos.app.goo.gl\/6gltLiU4ddbiCeH83\">clica i veur\u00e0s&#8230;. <\/a><br \/>\n&nbsp;<\/p>\n","protected":false},"author":6,"featured_media":13000,"comment_status":"open","ping_status":"closed","sticky":false,"template":"","format":"standard","meta":{"_bbp_topic_count":0,"_bbp_reply_count":0,"_bbp_total_topic_count":0,"_bbp_total_reply_count":0,"_bbp_voice_count":0,"_bbp_anonymous_reply_count":0,"_bbp_topic_count_hidden":0,"_bbp_reply_count_hidden":0,"_bbp_forum_subforum_count":0,"footnotes":""},"categories":[8],"tags":[68],"class_list":["post-12999","post","type-post","status-publish","format-standard","has-post-thumbnail","hentry","category-ei4","tag-infantil"],"post_mailing_queue_ids":[],"_links":{"self":[{"href":"https:\/\/agora.xtec.cat\/escolacollserolacerdanyola\/wp-json\/wp\/v2\/posts\/12999","targetHints":{"allow":["GET"]}}],"collection":[{"href":"https:\/\/agora.xtec.cat\/escolacollserolacerdanyola\/wp-json\/wp\/v2\/posts"}],"about":[{"href":"https:\/\/agora.xtec.cat\/escolacollserolacerdanyola\/wp-json\/wp\/v2\/types\/post"}],"author":[{"embeddable":true,"href":"https:\/\/agora.xtec.cat\/escolacollserolacerdanyola\/wp-json\/wp\/v2\/users\/6"}],"replies":[{"embeddable":true,"href":"https:\/\/agora.xtec.cat\/escolacollserolacerdanyola\/wp-json\/wp\/v2\/comments?post=12999"}],"version-history":[{"count":1,"href":"https:\/\/agora.xtec.cat\/escolacollserolacerdanyola\/wp-json\/wp\/v2\/posts\/12999\/revisions"}],"predecessor-version":[{"id":13009,"href":"https:\/\/agora.xtec.cat\/escolacollserolacerdanyola\/wp-json\/wp\/v2\/posts\/12999\/revisions\/13009"}],"wp:featuredmedia":[{"embeddable":true,"href":"https:\/\/agora.xtec.cat\/escolacollserolacerdanyola\/wp-json\/wp\/v2\/media\/13000"}],"wp:attachment":[{"href":"https:\/\/agora.xtec.cat\/escolacollserolacerdanyola\/wp-json\/wp\/v2\/media?parent=12999"}],"wp:term":[{"taxonomy":"category","embeddable":true,"href":"https:\/\/agora.xtec.cat\/escolacollserolacerdanyola\/wp-json\/wp\/v2\/categories?post=12999"},{"taxonomy":"post_tag","embeddable":true,"href":"https:\/\/agora.xtec.cat\/escolacollserolacerdanyola\/wp-json\/wp\/v2\/tags?post=12999"}],"curies":[{"name":"wp","href":"https:\/\/api.w.org\/{rel}","templated":true}]}}