{"id":1282,"date":"2015-06-04T20:45:00","date_gmt":"2015-06-04T18:45:00","guid":{"rendered":"http:\/\/agora.xtec.cat\/escolacollserolacerdanyola\/general\/5e-a-la-piscina\/"},"modified":"2017-03-13T17:24:55","modified_gmt":"2017-03-13T16:24:55","slug":"5e-a-la-piscina","status":"publish","type":"post","link":"https:\/\/agora.xtec.cat\/escolacollserolacerdanyola\/de-1r-a-6e\/grans\/5e-a-la-piscina\/","title":{"rendered":"5\u00e8 a la piscina!"},"content":{"rendered":"<h1 style=\"background-color: white; color: #63c137; font-family: 'Open Sans', 'Helvetica Neue', Helvetica, Arial, sans-serif; font-size: 30px; margin: 0px; padding: 0px 0px 0.1em;\">5\u00e8 a la piscina!<\/h1>\n<div style=\"background-color: white; color: #555555; font-family: 'Open Sans', 'Helvetica Neue', Helvetica, Arial, sans-serif; font-size: 16.5px; font-weight: bold;\"><\/div>\n<div style=\"background-color: white; font-family: 'Open Sans', 'Helvetica Neue', Helvetica, Arial, sans-serif; font-size: 16.5px; font-weight: bold;\">Els alumnes de 5\u00e8 realitzen una sortida a la piscina<\/div>\n<div style=\"background-color: white; font-family: 'Open Sans', 'Helvetica Neue', Helvetica, Arial, sans-serif; font-size: 15px;\"><\/div>\n<div style=\"clear: both; text-align: center;\"><a href=\"http:\/\/1.bp.blogspot.com\/-SYk2fIBTN7U\/VZBOdVWJjVI\/AAAAAAAAA5A\/Tp4kLuNyVcA\/s1600\/piscina71.jpg\" style=\"margin-left: 1em; margin-right: 1em;\"><span style=\"color: black;\"><img loading=\"lazy\" decoding=\"async\" border=\"0\" height=\"189\" src=\"http:\/\/1.bp.blogspot.com\/-SYk2fIBTN7U\/VZBOdVWJjVI\/AAAAAAAAA5A\/Tp4kLuNyVcA\/s320\/piscina71.jpg\" width=\"320\" \/><\/span><\/a><\/div>\n<div style=\"background-color: white; font-family: 'Open Sans', 'Helvetica Neue', Helvetica, Arial, sans-serif; font-size: 15px;\"><\/div>\n<div style=\"background-color: white; font-family: 'Open Sans', 'Helvetica Neue', Helvetica, Arial, sans-serif; font-size: 15px;\">Ja comen\u00e7a a fer for\u00e7a calor i els alumnes de cinqu\u00e8 de prim\u00e0ria aniran a la piscina aquest proper dilluns dia 8 de juny.<\/div>\n<div style=\"background-color: white; font-family: 'Open Sans', 'Helvetica Neue', Helvetica, Arial, sans-serif; font-size: 15px;\">L&#8217;activitat durar\u00e0 tot el mat\u00ed (aproximadament&#8230;).<\/div>\n<div style=\"background-color: white; font-family: 'Open Sans', 'Helvetica Neue', Helvetica, Arial, sans-serif; font-size: 15px;\">Esperem que s&#8217;ho passin molt b\u00e9!<\/div>\n","protected":false},"excerpt":{"rendered":"<p>5\u00e8 a la piscina!<\/p>\n<p>Els alumnes de 5\u00e8 realitzen una sortida a la piscina<\/p>\n<p><a href=\"http:\/\/1.bp.blogspot.com\/-SYk2fIBTN7U\/VZBOdVWJjVI\/AAAAAAAAA5A\/Tp4kLuNyVcA\/s1600\/piscina71.jpg\" style=\"margin-left: 1em; margin-right: 1em;\"><\/a><\/p>\n<p>Ja comen\u00e7a a fer for\u00e7a calor i els alumnes de cinqu\u00e8 de prim\u00e0ria aniran a la piscina aquest proper dilluns dia 8 de juny.<br \/>\nL&#8217;activitat durar\u00e0 tot el mat\u00ed&hellip;  <a href=\"https:\/\/agora.xtec.cat\/escolacollserolacerdanyola\/de-1r-a-6e\/grans\/5e-a-la-piscina\/\" title=\"Read 5\u00e8 a la piscina!\">Llegeix m\u00e9s\u00bb<\/a><\/p>\n","protected":false},"author":9,"featured_media":0,"comment_status":"open","ping_status":"closed","sticky":false,"template":"","format":"standard","meta":{"_bbp_topic_count":0,"_bbp_reply_count":0,"_bbp_total_topic_count":0,"_bbp_total_reply_count":0,"_bbp_voice_count":0,"_bbp_anonymous_reply_count":0,"_bbp_topic_count_hidden":0,"_bbp_reply_count_hidden":0,"_bbp_forum_subforum_count":0,"footnotes":""},"categories":[86,95],"tags":[99],"class_list":["post-1282","post","type-post","status-publish","format-standard","hentry","category-grans","category-noticies","tag-cicle-superior"],"post_mailing_queue_ids":[],"_links":{"self":[{"href":"https:\/\/agora.xtec.cat\/escolacollserolacerdanyola\/wp-json\/wp\/v2\/posts\/1282","targetHints":{"allow":["GET"]}}],"collection":[{"href":"https:\/\/agora.xtec.cat\/escolacollserolacerdanyola\/wp-json\/wp\/v2\/posts"}],"about":[{"href":"https:\/\/agora.xtec.cat\/escolacollserolacerdanyola\/wp-json\/wp\/v2\/types\/post"}],"author":[{"embeddable":true,"href":"https:\/\/agora.xtec.cat\/escolacollserolacerdanyola\/wp-json\/wp\/v2\/users\/9"}],"replies":[{"embeddable":true,"href":"https:\/\/agora.xtec.cat\/escolacollserolacerdanyola\/wp-json\/wp\/v2\/comments?post=1282"}],"version-history":[{"count":1,"href":"https:\/\/agora.xtec.cat\/escolacollserolacerdanyola\/wp-json\/wp\/v2\/posts\/1282\/revisions"}],"predecessor-version":[{"id":1515,"href":"https:\/\/agora.xtec.cat\/escolacollserolacerdanyola\/wp-json\/wp\/v2\/posts\/1282\/revisions\/1515"}],"wp:attachment":[{"href":"https:\/\/agora.xtec.cat\/escolacollserolacerdanyola\/wp-json\/wp\/v2\/media?parent=1282"}],"wp:term":[{"taxonomy":"category","embeddable":true,"href":"https:\/\/agora.xtec.cat\/escolacollserolacerdanyola\/wp-json\/wp\/v2\/categories?post=1282"},{"taxonomy":"post_tag","embeddable":true,"href":"https:\/\/agora.xtec.cat\/escolacollserolacerdanyola\/wp-json\/wp\/v2\/tags?post=1282"}],"curies":[{"name":"wp","href":"https:\/\/api.w.org\/{rel}","templated":true}]}}