{"id":12500,"date":"2018-02-18T09:01:52","date_gmt":"2018-02-18T08:01:52","guid":{"rendered":"http:\/\/agora.xtec.cat\/escolacollserolacerdanyola\/?p=12500"},"modified":"2018-02-18T09:37:26","modified_gmt":"2018-02-18T08:37:26","slug":"3r-antoni-tapies","status":"publish","type":"post","link":"https:\/\/agora.xtec.cat\/escolacollserolacerdanyola\/de-1r-a-6e\/3r\/3r-antoni-tapies\/","title":{"rendered":"3r Antoni T\u00e0pies"},"content":{"rendered":"<p>A Pl\u00e0stica estem treballant l&#8217;Antoni T\u00e0pies. Hem fet v\u00e0ries activitats:<\/p>\n<ul style=\"list-style-type: disc\">\n<li>Les coses tenen una hist\u00f2ria<\/li>\n<li>Art mat\u00e8ric<\/li>\n<li>Autoretrat s\u00edgnic<\/li>\n<li>Mirem per tot arreu, canviem el punt de vista.<\/li>\n<\/ul>\n<p><a href=\"https:\/\/photos.app.goo.gl\/Uu1kXMil9kzezOVy2\">https:\/\/photos.app.goo.gl\/Uu1kXMil9kzezOVy2<\/a><\/p>\n<p>&nbsp;<\/p>\n<p>&nbsp;<\/p>\n","protected":false},"excerpt":{"rendered":"<p>A Pl\u00e0stica estem treballant l&#8217;Antoni T\u00e0pies. Hem fet v\u00e0ries activitats:<\/p>\n<ul style=\"list-style-type: disc\">\n<li>Les coses tenen una hist\u00f2ria<\/li>\n<li>Art mat\u00e8ric<\/li>\n<li>Autoretrat s\u00edgnic<\/li>\n<li>Mirem per tot arreu, canviem el punt de vista.<\/li>\n<\/ul>\n<p><a href=\"https:\/\/photos.app.goo.gl\/Uu1kXMil9kzezOVy2\">https:\/\/photos.app.goo.gl\/Uu1kXMil9kzezOVy2<\/a><br \/>\n&nbsp;<br \/>\n&nbsp;<\/p>\n","protected":false},"author":8,"featured_media":12501,"comment_status":"open","ping_status":"closed","sticky":false,"template":"","format":"standard","meta":{"_bbp_topic_count":0,"_bbp_reply_count":0,"_bbp_total_topic_count":0,"_bbp_total_reply_count":0,"_bbp_voice_count":0,"_bbp_anonymous_reply_count":0,"_bbp_topic_count_hidden":0,"_bbp_reply_count_hidden":0,"_bbp_forum_subforum_count":0,"footnotes":""},"categories":[12,85],"tags":[474,89],"class_list":["post-12500","post","type-post","status-publish","format-standard","has-post-thumbnail","hentry","category-3r","category-mitjans","tag-3r","tag-cicle-mitja"],"post_mailing_queue_ids":[],"_links":{"self":[{"href":"https:\/\/agora.xtec.cat\/escolacollserolacerdanyola\/wp-json\/wp\/v2\/posts\/12500","targetHints":{"allow":["GET"]}}],"collection":[{"href":"https:\/\/agora.xtec.cat\/escolacollserolacerdanyola\/wp-json\/wp\/v2\/posts"}],"about":[{"href":"https:\/\/agora.xtec.cat\/escolacollserolacerdanyola\/wp-json\/wp\/v2\/types\/post"}],"author":[{"embeddable":true,"href":"https:\/\/agora.xtec.cat\/escolacollserolacerdanyola\/wp-json\/wp\/v2\/users\/8"}],"replies":[{"embeddable":true,"href":"https:\/\/agora.xtec.cat\/escolacollserolacerdanyola\/wp-json\/wp\/v2\/comments?post=12500"}],"version-history":[{"count":2,"href":"https:\/\/agora.xtec.cat\/escolacollserolacerdanyola\/wp-json\/wp\/v2\/posts\/12500\/revisions"}],"predecessor-version":[{"id":12508,"href":"https:\/\/agora.xtec.cat\/escolacollserolacerdanyola\/wp-json\/wp\/v2\/posts\/12500\/revisions\/12508"}],"wp:featuredmedia":[{"embeddable":true,"href":"https:\/\/agora.xtec.cat\/escolacollserolacerdanyola\/wp-json\/wp\/v2\/media\/12501"}],"wp:attachment":[{"href":"https:\/\/agora.xtec.cat\/escolacollserolacerdanyola\/wp-json\/wp\/v2\/media?parent=12500"}],"wp:term":[{"taxonomy":"category","embeddable":true,"href":"https:\/\/agora.xtec.cat\/escolacollserolacerdanyola\/wp-json\/wp\/v2\/categories?post=12500"},{"taxonomy":"post_tag","embeddable":true,"href":"https:\/\/agora.xtec.cat\/escolacollserolacerdanyola\/wp-json\/wp\/v2\/tags?post=12500"}],"curies":[{"name":"wp","href":"https:\/\/api.w.org\/{rel}","templated":true}]}}