{"id":1246,"date":"2015-12-23T21:31:00","date_gmt":"2015-12-23T20:31:00","guid":{"rendered":"http:\/\/agora.xtec.cat\/escolacollserolacerdanyola\/general\/concert-de-nadal-2015\/"},"modified":"2017-03-13T13:46:13","modified_gmt":"2017-03-13T12:46:13","slug":"concert-de-nadal-2015","status":"publish","type":"post","link":"https:\/\/agora.xtec.cat\/escolacollserolacerdanyola\/nadal\/concert-de-nadal-2015\/","title":{"rendered":"CONCERT DE NADAL 2015"},"content":{"rendered":"<div style=\"line-height: 16.5pt; margin-bottom: .0001pt; margin-bottom: 0cm; text-align: justify; text-justify: inter-ideograph;\"><span style=\"font-size: 12pt;\">L&#8217;Escola Collserola ha celebrat aquest dilluns el tradicional concert de Nadal. Els alumnes han cantat can\u00e7ons tradicionals de Nadal en catal\u00e0 i angl\u00e8s.<o:p><\/o:p><\/span><\/div>\n<div style=\"line-height: 16.5pt; margin-bottom: .0001pt; margin-bottom: 0cm; text-align: justify; text-justify: inter-ideograph;\"><\/div>\n<div style=\"line-height: 16.5pt; margin-bottom: .0001pt; margin-bottom: 0cm; text-align: justify; text-justify: inter-ideograph;\"><span style=\"font-size: 12pt;\">Cantar dona als infants la oportunitat de descobrir formes de ser, treballar valors i aprendre compet\u00e8ncies posant \u00e8mfasi especial en el treball en grup.&nbsp; Junts descobreixen que&nbsp; tots i cadasc\u00fa dels nens i nenes que canten enriqueixen el conjunt.<o:p><\/o:p><\/span><\/div>\n<div style=\"line-height: 16.5pt; margin-bottom: .0001pt; margin-bottom: 0cm; text-align: justify; text-justify: inter-ideograph;\"><\/div>\n<div style=\"line-height: 16.5pt; margin-bottom: .0001pt; margin-bottom: 0cm; text-align: justify; text-justify: inter-ideograph;\"><span style=\"font-size: 12pt;\">Un any m\u00e9s els nens i nenes de l&#8217;escola han presentat, en el concert de Nadal, el repertori de can\u00e7ons que han preparat amb il\u00b7lusi\u00f3 i dedicaci\u00f3 en les sessions de m\u00fasica. Aquest any ha estat un concert intern, presentant cada cicle una can\u00e7\u00f3 en catal\u00e0 i una en angl\u00e8s a un p\u00fablic totalment entregat: els seus companys d&#8217;escola. Per\u00f2&#8230; no penseu que no cantaven tamb\u00e9 per a vosaltres, familiars i amics, perqu\u00e8 dins del seu cor tothom hi era present. Un gran cor el de aquests nens de la nostra escola i aix\u00f2 ho podeu apreciar clarament en les seves expressions a l&#8217;hora de cantar doncs la m\u00fasica els surt de dins. &nbsp;La m\u00fasica ens fa cr\u00e9ixer!<o:p><\/o:p><\/span><\/div>\n<div style=\"text-align: justify; text-justify: inter-ideograph;\"><\/div>\n<p><\/p>\n<div style=\"text-align: justify; text-justify: inter-ideograph;\"><span style=\"font-size: 12.0pt; line-height: 115%;\">Aqu\u00ed us deixem amb&nbsp; l&#8217;actuaci\u00f3 dels alumnes del&nbsp; cicle superior de prim\u00e0ria:<o:p><\/o:p><\/span><\/div>\n<div style=\"text-align: justify; text-justify: inter-ideograph;\"><span style=\"font-size: 12.0pt; line-height: 115%;\"><br \/><\/span><\/div>\n<div style=\"text-align: center;\"><span style=\"font-size: 12.0pt; line-height: 115%;\">5\u00e8 Can\u00e7\u00f3 en catal\u00e0<\/span><\/div>\n<div style=\"text-align: center;\"><span style=\"font-size: 12.0pt; line-height: 115%;\"><br \/><\/span><\/div>\n<div style=\"clear: both; text-align: center;\"><iframe loading=\"lazy\" allowfullscreen=\"\" data-thumbnail-src=\"https:\/\/i.ytimg.com\/vi\/u8ZB-qQjXIY\/0.jpg\" frameborder=\"0\" height=\"266\" src=\"https:\/\/www.youtube.com\/embed\/u8ZB-qQjXIY?feature=player_embedded\" width=\"320\"><\/iframe><\/div>\n<div style=\"text-align: center;\"><span style=\"font-size: 12.0pt; line-height: 115%;\"><br \/><\/span><\/div>\n<div style=\"text-align: center;\"><span style=\"font-size: 16px; line-height: 18.4px;\">5\u00e8 Can\u00e7\u00f3 en angl\u00e8s<\/span><\/div>\n<div style=\"text-align: center;\"><span style=\"font-size: 16px; line-height: 18.4px;\"><br \/><\/span><\/div>\n<div style=\"clear: both; text-align: center;\"><iframe loading=\"lazy\" allowfullscreen=\"\" data-thumbnail-src=\"https:\/\/i.ytimg.com\/vi\/CE3thzBwnnA\/0.jpg\" frameborder=\"0\" height=\"266\" src=\"https:\/\/www.youtube.com\/embed\/CE3thzBwnnA?feature=player_embedded\" width=\"320\"><\/iframe><\/div>\n<div style=\"text-align: center;\"><span style=\"font-size: 16px; line-height: 18.4px;\"><br \/><\/span><\/div>\n<div style=\"text-align: center;\"><span style=\"font-size: 16px; line-height: 18.4px;\">6\u00e8 Can\u00e7\u00f3 en catal\u00e0<\/span><\/div>\n<div style=\"text-align: center;\"><span style=\"font-size: 16px; line-height: 18.4px;\"><br \/><\/span><\/div>\n<div style=\"clear: both; text-align: center;\"><iframe loading=\"lazy\" allowfullscreen=\"\" data-thumbnail-src=\"https:\/\/i.ytimg.com\/vi\/mNtdRzuLrBs\/0.jpg\" frameborder=\"0\" height=\"266\" src=\"https:\/\/www.youtube.com\/embed\/mNtdRzuLrBs?feature=player_embedded\" width=\"320\"><\/iframe><\/div>\n<div style=\"text-align: center;\"><span style=\"font-size: 16px; line-height: 18.4px;\"><br \/><\/span><\/div>\n<div style=\"text-align: center;\"><span style=\"font-size: 16px; line-height: 18.4px;\">6\u00e8 Can\u00e7\u00f3 en angl\u00e8s<\/span><\/div>\n<div style=\"text-align: center;\"><span style=\"font-size: 16px; line-height: 18.4px;\"><br \/><\/span><\/div>\n<div style=\"clear: both; text-align: center;\"><iframe loading=\"lazy\" allowfullscreen=\"\" data-thumbnail-src=\"https:\/\/i.ytimg.com\/vi\/wtQNZVs04Bg\/0.jpg\" frameborder=\"0\" height=\"266\" src=\"https:\/\/www.youtube.com\/embed\/wtQNZVs04Bg?feature=player_embedded\" width=\"320\"><\/iframe><\/div>\n<div style=\"clear: both; text-align: center;\"><\/div>\n<div style=\"text-align: justify; text-justify: inter-ideograph;\"><span style=\"font-size: 12.0pt; line-height: 115%;\">Esperem us agradi!<o:p><\/o:p><\/span><\/div>\n<div style=\"text-align: center;\"><span style=\"font-size: 16px; line-height: 18.4px;\"><br \/><\/span><\/div>\n","protected":false},"excerpt":{"rendered":"<p>L&#8217;Escola Collserola ha celebrat aquest dilluns el tradicional concert de Nadal. Els alumnes han cantat can\u00e7ons tradicionals de Nadal en catal\u00e0 i angl\u00e8s.<\/p>\n<p>Cantar dona als infants la oportunitat de descobrir formes de ser, treballar valors i aprendre compet\u00e8ncies posant \u00e8mfasi especial en el treball en&hellip;  <a href=\"https:\/\/agora.xtec.cat\/escolacollserolacerdanyola\/nadal\/concert-de-nadal-2015\/\" title=\"Read CONCERT DE NADAL 2015\">Llegeix m\u00e9s\u00bb<\/a><\/p>\n","protected":false},"author":9,"featured_media":0,"comment_status":"open","ping_status":"closed","sticky":false,"template":"","format":"standard","meta":{"_bbp_topic_count":0,"_bbp_reply_count":0,"_bbp_total_topic_count":0,"_bbp_total_reply_count":0,"_bbp_voice_count":0,"_bbp_anonymous_reply_count":0,"_bbp_topic_count_hidden":0,"_bbp_reply_count_hidden":0,"_bbp_forum_subforum_count":0,"footnotes":""},"categories":[91,90],"tags":[99],"class_list":["post-1246","post","type-post","status-publish","format-standard","hentry","category-concerts","category-nadal","tag-cicle-superior"],"post_mailing_queue_ids":[],"_links":{"self":[{"href":"https:\/\/agora.xtec.cat\/escolacollserolacerdanyola\/wp-json\/wp\/v2\/posts\/1246","targetHints":{"allow":["GET"]}}],"collection":[{"href":"https:\/\/agora.xtec.cat\/escolacollserolacerdanyola\/wp-json\/wp\/v2\/posts"}],"about":[{"href":"https:\/\/agora.xtec.cat\/escolacollserolacerdanyola\/wp-json\/wp\/v2\/types\/post"}],"author":[{"embeddable":true,"href":"https:\/\/agora.xtec.cat\/escolacollserolacerdanyola\/wp-json\/wp\/v2\/users\/9"}],"replies":[{"embeddable":true,"href":"https:\/\/agora.xtec.cat\/escolacollserolacerdanyola\/wp-json\/wp\/v2\/comments?post=1246"}],"version-history":[{"count":1,"href":"https:\/\/agora.xtec.cat\/escolacollserolacerdanyola\/wp-json\/wp\/v2\/posts\/1246\/revisions"}],"predecessor-version":[{"id":1484,"href":"https:\/\/agora.xtec.cat\/escolacollserolacerdanyola\/wp-json\/wp\/v2\/posts\/1246\/revisions\/1484"}],"wp:attachment":[{"href":"https:\/\/agora.xtec.cat\/escolacollserolacerdanyola\/wp-json\/wp\/v2\/media?parent=1246"}],"wp:term":[{"taxonomy":"category","embeddable":true,"href":"https:\/\/agora.xtec.cat\/escolacollserolacerdanyola\/wp-json\/wp\/v2\/categories?post=1246"},{"taxonomy":"post_tag","embeddable":true,"href":"https:\/\/agora.xtec.cat\/escolacollserolacerdanyola\/wp-json\/wp\/v2\/tags?post=1246"}],"curies":[{"name":"wp","href":"https:\/\/api.w.org\/{rel}","templated":true}]}}