{"id":12165,"date":"2017-12-16T12:59:19","date_gmt":"2017-12-16T11:59:19","guid":{"rendered":"http:\/\/agora.xtec.cat\/escolacollserolacerdanyola\/?p=12165"},"modified":"2018-01-16T13:00:35","modified_gmt":"2018-01-16T12:00:35","slug":"santa-cecilia","status":"publish","type":"post","link":"https:\/\/agora.xtec.cat\/escolacollserolacerdanyola\/de-1r-a-6e\/1r\/santa-cecilia\/","title":{"rendered":"Santa Cec\u00edlia"},"content":{"rendered":"<p>Una vegada m\u00e9s, tornem a celebrar la festa de la patrona de la m\u00fasica, Santa Cec\u00edlia. Aqu\u00ed us deixem una petita mostra de les nostres danses i de com els nens i nenes de segon van presentar l&#8217;acte.<\/p>\n<p><a href=\"https:\/\/photos.app.goo.gl\/kfuznKbuxRLcRxPy2\">Santa Cec\u00edlia<\/a><\/p>\n","protected":false},"excerpt":{"rendered":"<p>Una vegada m\u00e9s, tornem a celebrar la festa de la patrona de la m\u00fasica, Santa Cec\u00edlia. Aqu\u00ed us deixem una petita mostra de les nostres danses i de com els nens i nenes de segon van presentar l&#8217;acte.<br \/>\n<a href=\"https:\/\/photos.app.goo.gl\/kfuznKbuxRLcRxPy2\">Santa Cec\u00edlia<\/a><\/p>\n","protected":false},"author":7,"featured_media":0,"comment_status":"open","ping_status":"closed","sticky":false,"template":"","format":"standard","meta":{"_bbp_topic_count":0,"_bbp_reply_count":0,"_bbp_total_topic_count":0,"_bbp_total_reply_count":0,"_bbp_voice_count":0,"_bbp_anonymous_reply_count":0,"_bbp_topic_count_hidden":0,"_bbp_reply_count_hidden":0,"_bbp_forum_subforum_count":0,"footnotes":""},"categories":[10,11,323],"tags":[],"class_list":["post-12165","post","type-post","status-publish","format-standard","hentry","category-1r","category-2n","category-festes"],"post_mailing_queue_ids":[],"_links":{"self":[{"href":"https:\/\/agora.xtec.cat\/escolacollserolacerdanyola\/wp-json\/wp\/v2\/posts\/12165","targetHints":{"allow":["GET"]}}],"collection":[{"href":"https:\/\/agora.xtec.cat\/escolacollserolacerdanyola\/wp-json\/wp\/v2\/posts"}],"about":[{"href":"https:\/\/agora.xtec.cat\/escolacollserolacerdanyola\/wp-json\/wp\/v2\/types\/post"}],"author":[{"embeddable":true,"href":"https:\/\/agora.xtec.cat\/escolacollserolacerdanyola\/wp-json\/wp\/v2\/users\/7"}],"replies":[{"embeddable":true,"href":"https:\/\/agora.xtec.cat\/escolacollserolacerdanyola\/wp-json\/wp\/v2\/comments?post=12165"}],"version-history":[{"count":2,"href":"https:\/\/agora.xtec.cat\/escolacollserolacerdanyola\/wp-json\/wp\/v2\/posts\/12165\/revisions"}],"predecessor-version":[{"id":12167,"href":"https:\/\/agora.xtec.cat\/escolacollserolacerdanyola\/wp-json\/wp\/v2\/posts\/12165\/revisions\/12167"}],"wp:attachment":[{"href":"https:\/\/agora.xtec.cat\/escolacollserolacerdanyola\/wp-json\/wp\/v2\/media?parent=12165"}],"wp:term":[{"taxonomy":"category","embeddable":true,"href":"https:\/\/agora.xtec.cat\/escolacollserolacerdanyola\/wp-json\/wp\/v2\/categories?post=12165"},{"taxonomy":"post_tag","embeddable":true,"href":"https:\/\/agora.xtec.cat\/escolacollserolacerdanyola\/wp-json\/wp\/v2\/tags?post=12165"}],"curies":[{"name":"wp","href":"https:\/\/api.w.org\/{rel}","templated":true}]}}