{"id":12150,"date":"2018-01-15T19:29:51","date_gmt":"2018-01-15T18:29:51","guid":{"rendered":"http:\/\/agora.xtec.cat\/escolacollserolacerdanyola\/?p=12150"},"modified":"2018-01-15T19:33:02","modified_gmt":"2018-01-15T18:33:02","slug":"el-nadal-dels-porquets-p3-2017-18","status":"publish","type":"post","link":"https:\/\/agora.xtec.cat\/escolacollserolacerdanyola\/ei3-ei4-ei5\/ei3\/el-nadal-dels-porquets-p3-2017-18\/","title":{"rendered":"El Nadal dels Porquets P3 2017-18"},"content":{"rendered":"<p style=\"text-align: center\">Arriba el Nadal i amb ell el ti\u00f3. Ens arriba una nota que ens dona pistes d&#8217;on pot estar amagat. El busquem i ell trobem a dins de la capsa de les fulles del rac\u00f3 de la natura. Cada dia l&#8217;anem a veure i li posem menjar, per qu\u00e8 volem que ens cagui molts regals. Metrestant ens visita el patge i li donem la carta de la classe per a que ens porti algun regalet.<\/p>\n<p style=\"text-align: center\">Ui!!! quins nervis\u00a0 ha arribat el dia de cagar el ti\u00f3, de cinc en cinc, anem picant el Ti\u00f3 molt fort , Siiiiiiii !!!, ens ha cagat cinc regals, anem a la classe i l&#8217;obrim , oh!!! s\u00f3n turrons, galetes, neules,&#8230;.i un conte de l&#8217;hist\u00f2ria del Ti\u00f3.<\/p>\n<p style=\"text-align: center\">Quan tornem de les vacances ens hem portat tant b\u00e9, que hem trobat un regal a la classe, una caseta de fusta amb ninos.Per\u00f2, per sorpresa nostre quan anem al pati ens trobem que els reis ens han deixat m\u00e9s regals, unes bicis noves i uns carretons, que gaudim jugant al pati.<\/p>\n<p style=\"text-align: center\"><a href=\"https:\/\/photos.app.goo.gl\/EyCJRfha8QTliLU53\">Clica aqu\u00ed per veure les fotos<\/a><a href=\"http:\/\/agora.xtec.cat\/escolacollserolacerdanyola\/wp-content\/uploads\/usu1390\/2018\/01\/DSC08020-copia-1.jpg\"><img loading=\"lazy\" decoding=\"async\" class=\" wp-image-12153 aligncenter\" src=\"http:\/\/agora.xtec.cat\/escolacollserolacerdanyola\/wp-content\/uploads\/usu1390\/2018\/01\/DSC08020-copia-1.jpg\" alt=\"\" width=\"407\" height=\"305\" srcset=\"https:\/\/agora.xtec.cat\/escolacollserolacerdanyola\/wp-content\/uploads\/usu1390\/2018\/01\/DSC08020-copia-1.jpg 648w, https:\/\/agora.xtec.cat\/escolacollserolacerdanyola\/wp-content\/uploads\/usu1390\/2018\/01\/DSC08020-copia-1-300x225.jpg 300w, https:\/\/agora.xtec.cat\/escolacollserolacerdanyola\/wp-content\/uploads\/usu1390\/2018\/01\/DSC08020-copia-1-200x150.jpg 200w\" sizes=\"auto, (max-width: 407px) 100vw, 407px\" \/><\/a><\/p>\n","protected":false},"excerpt":{"rendered":"<p>Arriba el Nadal i amb ell el ti\u00f3. Ens arriba una nota que ens dona pistes d&#8217;on pot estar amagat. El busquem i ell trobem a dins de la capsa de les fulles del rac\u00f3 de la natura. Cada dia l&#8217;anem a veure i li&hellip;  <a href=\"https:\/\/agora.xtec.cat\/escolacollserolacerdanyola\/ei3-ei4-ei5\/ei3\/el-nadal-dels-porquets-p3-2017-18\/\" title=\"Read El Nadal dels Porquets P3 2017-18\">Llegeix m\u00e9s\u00bb<\/a><\/p>\n","protected":false},"author":6,"featured_media":12153,"comment_status":"open","ping_status":"closed","sticky":false,"template":"","format":"standard","meta":{"_bbp_topic_count":0,"_bbp_reply_count":0,"_bbp_total_topic_count":0,"_bbp_total_reply_count":0,"_bbp_voice_count":0,"_bbp_anonymous_reply_count":0,"_bbp_topic_count_hidden":0,"_bbp_reply_count_hidden":0,"_bbp_forum_subforum_count":0,"footnotes":""},"categories":[3],"tags":[],"class_list":["post-12150","post","type-post","status-publish","format-standard","has-post-thumbnail","hentry","category-ei3"],"post_mailing_queue_ids":[],"_links":{"self":[{"href":"https:\/\/agora.xtec.cat\/escolacollserolacerdanyola\/wp-json\/wp\/v2\/posts\/12150","targetHints":{"allow":["GET"]}}],"collection":[{"href":"https:\/\/agora.xtec.cat\/escolacollserolacerdanyola\/wp-json\/wp\/v2\/posts"}],"about":[{"href":"https:\/\/agora.xtec.cat\/escolacollserolacerdanyola\/wp-json\/wp\/v2\/types\/post"}],"author":[{"embeddable":true,"href":"https:\/\/agora.xtec.cat\/escolacollserolacerdanyola\/wp-json\/wp\/v2\/users\/6"}],"replies":[{"embeddable":true,"href":"https:\/\/agora.xtec.cat\/escolacollserolacerdanyola\/wp-json\/wp\/v2\/comments?post=12150"}],"version-history":[{"count":3,"href":"https:\/\/agora.xtec.cat\/escolacollserolacerdanyola\/wp-json\/wp\/v2\/posts\/12150\/revisions"}],"predecessor-version":[{"id":12155,"href":"https:\/\/agora.xtec.cat\/escolacollserolacerdanyola\/wp-json\/wp\/v2\/posts\/12150\/revisions\/12155"}],"wp:featuredmedia":[{"embeddable":true,"href":"https:\/\/agora.xtec.cat\/escolacollserolacerdanyola\/wp-json\/wp\/v2\/media\/12153"}],"wp:attachment":[{"href":"https:\/\/agora.xtec.cat\/escolacollserolacerdanyola\/wp-json\/wp\/v2\/media?parent=12150"}],"wp:term":[{"taxonomy":"category","embeddable":true,"href":"https:\/\/agora.xtec.cat\/escolacollserolacerdanyola\/wp-json\/wp\/v2\/categories?post=12150"},{"taxonomy":"post_tag","embeddable":true,"href":"https:\/\/agora.xtec.cat\/escolacollserolacerdanyola\/wp-json\/wp\/v2\/tags?post=12150"}],"curies":[{"name":"wp","href":"https:\/\/api.w.org\/{rel}","templated":true}]}}