{"id":12145,"date":"2018-01-15T16:21:33","date_gmt":"2018-01-15T15:21:33","guid":{"rendered":"http:\/\/agora.xtec.cat\/escolacollserolacerdanyola\/?p=12145"},"modified":"2018-01-15T16:21:33","modified_gmt":"2018-01-15T15:21:33","slug":"el-nadal-dels-gorilles","status":"publish","type":"post","link":"https:\/\/agora.xtec.cat\/escolacollserolacerdanyola\/ei3-ei4-ei5\/el-nadal-dels-gorilles\/","title":{"rendered":"El Nadal dels Goril\u00b7les!"},"content":{"rendered":"<p>Els goril\u00b7les vam rebre la visita del patge reial, van estar molt emocionats i contents\u00a0 amb l&#8217;esperada visita durant tot el mati. Van estar molt atents a tot all\u00f2 que els hi va dir el patge i van donar la carta que havien preparat pels reis, a m\u00e9s a m\u00e9s li van cantar la can\u00e7\u00f3 de nadal que est\u00e0vem preparant amb molta il\u00b7lusi\u00f3, tant en catal\u00e0, com\u00a0en\u00a0angl\u00e8s, el patge va quedar meravellat i molt emocionat!!!<\/p>\n<p>L&#8217;\u00faltim dimecres abans de les vacances de Nadal va arribar un dia molt esperat, anar a cagar el ti\u00f3, despr\u00e9s de portar dies alimentant-lo.<\/p>\n<p><a href=\"http:\/\/agora.xtec.cat\/escolacollserolacerdanyola\/wp-content\/uploads\/usu1390\/2018\/01\/nadal.jpg\"><img loading=\"lazy\" decoding=\"async\" class=\"alignnone size-large wp-image-12146\" src=\"http:\/\/agora.xtec.cat\/escolacollserolacerdanyola\/wp-content\/uploads\/usu1390\/2018\/01\/nadal-1024x768.jpg\" alt=\"\" width=\"1024\" height=\"768\" srcset=\"https:\/\/agora.xtec.cat\/escolacollserolacerdanyola\/wp-content\/uploads\/usu1390\/2018\/01\/nadal-1024x768.jpg 1024w, https:\/\/agora.xtec.cat\/escolacollserolacerdanyola\/wp-content\/uploads\/usu1390\/2018\/01\/nadal-300x225.jpg 300w, https:\/\/agora.xtec.cat\/escolacollserolacerdanyola\/wp-content\/uploads\/usu1390\/2018\/01\/nadal-768x576.jpg 768w, https:\/\/agora.xtec.cat\/escolacollserolacerdanyola\/wp-content\/uploads\/usu1390\/2018\/01\/nadal-200x150.jpg 200w, https:\/\/agora.xtec.cat\/escolacollserolacerdanyola\/wp-content\/uploads\/usu1390\/2018\/01\/nadal.jpg 2016w\" sizes=\"auto, (max-width: 1024px) 100vw, 1024px\" \/><\/a><\/p>\n<p><a href=\"https:\/\/photos.app.goo.gl\/f4kRKHEYXlaSlNRh1\">Clica aqu\u00ed per veure les fotos<\/a><\/p>\n","protected":false},"excerpt":{"rendered":"<p>Els goril\u00b7les vam rebre la visita del patge reial, van estar molt emocionats i contents\u00a0 amb l&#8217;esperada visita durant tot el mati. Van estar molt atents a tot all\u00f2 que els hi va dir el patge i van donar la carta que havien preparat pels&hellip;  <a href=\"https:\/\/agora.xtec.cat\/escolacollserolacerdanyola\/ei3-ei4-ei5\/el-nadal-dels-gorilles\/\" title=\"Read El Nadal dels Goril\u00b7les!\">Llegeix m\u00e9s\u00bb<\/a><\/p>\n","protected":false},"author":6,"featured_media":12146,"comment_status":"open","ping_status":"closed","sticky":false,"template":"","format":"standard","meta":{"_bbp_topic_count":0,"_bbp_reply_count":0,"_bbp_total_topic_count":0,"_bbp_total_reply_count":0,"_bbp_voice_count":0,"_bbp_anonymous_reply_count":0,"_bbp_topic_count_hidden":0,"_bbp_reply_count_hidden":0,"_bbp_forum_subforum_count":0,"footnotes":""},"categories":[2,9],"tags":[],"class_list":["post-12145","post","type-post","status-publish","format-standard","has-post-thumbnail","hentry","category-ei3-ei4-ei5","category-ei5"],"post_mailing_queue_ids":[],"_links":{"self":[{"href":"https:\/\/agora.xtec.cat\/escolacollserolacerdanyola\/wp-json\/wp\/v2\/posts\/12145","targetHints":{"allow":["GET"]}}],"collection":[{"href":"https:\/\/agora.xtec.cat\/escolacollserolacerdanyola\/wp-json\/wp\/v2\/posts"}],"about":[{"href":"https:\/\/agora.xtec.cat\/escolacollserolacerdanyola\/wp-json\/wp\/v2\/types\/post"}],"author":[{"embeddable":true,"href":"https:\/\/agora.xtec.cat\/escolacollserolacerdanyola\/wp-json\/wp\/v2\/users\/6"}],"replies":[{"embeddable":true,"href":"https:\/\/agora.xtec.cat\/escolacollserolacerdanyola\/wp-json\/wp\/v2\/comments?post=12145"}],"version-history":[{"count":2,"href":"https:\/\/agora.xtec.cat\/escolacollserolacerdanyola\/wp-json\/wp\/v2\/posts\/12145\/revisions"}],"predecessor-version":[{"id":12148,"href":"https:\/\/agora.xtec.cat\/escolacollserolacerdanyola\/wp-json\/wp\/v2\/posts\/12145\/revisions\/12148"}],"wp:featuredmedia":[{"embeddable":true,"href":"https:\/\/agora.xtec.cat\/escolacollserolacerdanyola\/wp-json\/wp\/v2\/media\/12146"}],"wp:attachment":[{"href":"https:\/\/agora.xtec.cat\/escolacollserolacerdanyola\/wp-json\/wp\/v2\/media?parent=12145"}],"wp:term":[{"taxonomy":"category","embeddable":true,"href":"https:\/\/agora.xtec.cat\/escolacollserolacerdanyola\/wp-json\/wp\/v2\/categories?post=12145"},{"taxonomy":"post_tag","embeddable":true,"href":"https:\/\/agora.xtec.cat\/escolacollserolacerdanyola\/wp-json\/wp\/v2\/tags?post=12145"}],"curies":[{"name":"wp","href":"https:\/\/api.w.org\/{rel}","templated":true}]}}