{"id":12021,"date":"2017-12-09T11:43:43","date_gmt":"2017-12-09T10:43:43","guid":{"rendered":"http:\/\/agora.xtec.cat\/escolacollserolacerdanyola\/?p=12021"},"modified":"2018-01-07T10:28:41","modified_gmt":"2018-01-07T09:28:41","slug":"estudiem-el-cos-huma","status":"publish","type":"post","link":"https:\/\/agora.xtec.cat\/escolacollserolacerdanyola\/de-1r-a-6e\/3r\/estudiem-el-cos-huma\/","title":{"rendered":"Estudiem el Cos Hum\u00e0"},"content":{"rendered":"<p>Aqu\u00ed tenim dues de les activitats que vam fer per estudiar el cos hum\u00e0.<\/p>\n<p>Treball en grups: van dibuixar la silueta d&#8217;un nen\/a del grup i la van omplir dibuixant\u00a0 alguns dels sistemes del cos hum\u00e0.<\/p>\n<p>Els pares de la Noa van venir i ens van explicar moltes coses sobre el sistema circulatori i el cor.<\/p>\n<p><a href=\"http:\/\/agora.xtec.cat\/escolacollserolacerdanyola\/wp-content\/uploads\/usu1390\/2018\/01\/woman-254133_640-e1515316670170.jpg\"><img loading=\"lazy\" decoding=\"async\" class=\"alignnone size-full wp-image-12023\" src=\"http:\/\/agora.xtec.cat\/escolacollserolacerdanyola\/wp-content\/uploads\/usu1390\/2018\/01\/woman-254133_640-e1515316670170.jpg\" alt=\"\" width=\"240\" height=\"161\" \/><\/a><\/p>\n<p><a href=\"https:\/\/photos.app.goo.gl\/lmEdEDARvAgUqnPq2\">https:\/\/photos.app.goo.gl\/lmEdEDARvAgUqnPq2<\/a><\/p>\n","protected":false},"excerpt":{"rendered":"<p>Aqu\u00ed tenim dues de les activitats que vam fer per estudiar el cos hum\u00e0.<br \/>\nTreball en grups: van dibuixar la silueta d&#8217;un nen\/a del grup i la van omplir dibuixant\u00a0 alguns dels sistemes del cos hum\u00e0.<br \/>\nEls pares de la Noa van venir i ens van explicar&hellip;  <a href=\"https:\/\/agora.xtec.cat\/escolacollserolacerdanyola\/de-1r-a-6e\/3r\/estudiem-el-cos-huma\/\" title=\"Read Estudiem el Cos Hum\u00e0\">Llegeix m\u00e9s\u00bb<\/a><\/p>\n","protected":false},"author":8,"featured_media":12023,"comment_status":"open","ping_status":"closed","sticky":false,"template":"","format":"standard","meta":{"_bbp_topic_count":0,"_bbp_reply_count":0,"_bbp_total_topic_count":0,"_bbp_total_reply_count":0,"_bbp_voice_count":0,"_bbp_anonymous_reply_count":0,"_bbp_topic_count_hidden":0,"_bbp_reply_count_hidden":0,"_bbp_forum_subforum_count":0,"footnotes":""},"categories":[12,85],"tags":[474,89],"class_list":["post-12021","post","type-post","status-publish","format-standard","has-post-thumbnail","hentry","category-3r","category-mitjans","tag-3r","tag-cicle-mitja"],"post_mailing_queue_ids":[],"_links":{"self":[{"href":"https:\/\/agora.xtec.cat\/escolacollserolacerdanyola\/wp-json\/wp\/v2\/posts\/12021","targetHints":{"allow":["GET"]}}],"collection":[{"href":"https:\/\/agora.xtec.cat\/escolacollserolacerdanyola\/wp-json\/wp\/v2\/posts"}],"about":[{"href":"https:\/\/agora.xtec.cat\/escolacollserolacerdanyola\/wp-json\/wp\/v2\/types\/post"}],"author":[{"embeddable":true,"href":"https:\/\/agora.xtec.cat\/escolacollserolacerdanyola\/wp-json\/wp\/v2\/users\/8"}],"replies":[{"embeddable":true,"href":"https:\/\/agora.xtec.cat\/escolacollserolacerdanyola\/wp-json\/wp\/v2\/comments?post=12021"}],"version-history":[{"count":3,"href":"https:\/\/agora.xtec.cat\/escolacollserolacerdanyola\/wp-json\/wp\/v2\/posts\/12021\/revisions"}],"predecessor-version":[{"id":12054,"href":"https:\/\/agora.xtec.cat\/escolacollserolacerdanyola\/wp-json\/wp\/v2\/posts\/12021\/revisions\/12054"}],"wp:featuredmedia":[{"embeddable":true,"href":"https:\/\/agora.xtec.cat\/escolacollserolacerdanyola\/wp-json\/wp\/v2\/media\/12023"}],"wp:attachment":[{"href":"https:\/\/agora.xtec.cat\/escolacollserolacerdanyola\/wp-json\/wp\/v2\/media?parent=12021"}],"wp:term":[{"taxonomy":"category","embeddable":true,"href":"https:\/\/agora.xtec.cat\/escolacollserolacerdanyola\/wp-json\/wp\/v2\/categories?post=12021"},{"taxonomy":"post_tag","embeddable":true,"href":"https:\/\/agora.xtec.cat\/escolacollserolacerdanyola\/wp-json\/wp\/v2\/tags?post=12021"}],"curies":[{"name":"wp","href":"https:\/\/api.w.org\/{rel}","templated":true}]}}