{"id":11644,"date":"2017-11-29T09:42:18","date_gmt":"2017-11-29T08:42:18","guid":{"rendered":"http:\/\/agora.xtec.cat\/escolacollserolacerdanyola\/?p=11644"},"modified":"2018-01-08T18:36:27","modified_gmt":"2018-01-08T17:36:27","slug":"xerrada-de-la-cooperativa-el-pare-de-larnau","status":"publish","type":"post","link":"https:\/\/agora.xtec.cat\/escolacollserolacerdanyola\/de-1r-a-6e\/5e\/xerrada-de-la-cooperativa-el-pare-de-larnau\/","title":{"rendered":"Xerrada de la cooperativa! El pare de l&#8217;Arnau&#8230;"},"content":{"rendered":"<p>El Gonzalo, pare de l&#8217;Arnau va venir ahir a explicar-nos qu\u00e8 \u00e9s i qu\u00e8 fa la Fundaci\u00f3 Pasqual Maragall on ell treballa ja que la nostra cooperativa ha decidit donar el 50% dels beneficis que obtinguem a aquesta entitat.<\/p>\n<p>Si voleu con\u00e8ixer millor aquesta fundaci\u00f3 no us perdeu:\u00a0<a href=\"https:\/\/fpmaragall.org\/la-fundacion\/\">https:\/\/fpmaragall.org\/la-fundacion\/<\/a><\/p>\n<p>Va ser una xerrada molt amena i interessant.<a href=\"http:\/\/agora.xtec.cat\/escolacollserolacerdanyola\/wp-content\/uploads\/usu1390\/2017\/11\/20171128_101209.jpg\"><img loading=\"lazy\" decoding=\"async\" class=\"alignnone size-large wp-image-11646\" src=\"http:\/\/agora.xtec.cat\/escolacollserolacerdanyola\/wp-content\/uploads\/usu1390\/2017\/11\/20171128_101209-1024x614.jpg\" alt=\"\" width=\"1024\" height=\"614\" srcset=\"https:\/\/agora.xtec.cat\/escolacollserolacerdanyola\/wp-content\/uploads\/usu1390\/2017\/11\/20171128_101209-1024x614.jpg 1024w, https:\/\/agora.xtec.cat\/escolacollserolacerdanyola\/wp-content\/uploads\/usu1390\/2017\/11\/20171128_101209-300x180.jpg 300w, https:\/\/agora.xtec.cat\/escolacollserolacerdanyola\/wp-content\/uploads\/usu1390\/2017\/11\/20171128_101209-768x461.jpg 768w\" sizes=\"auto, (max-width: 1024px) 100vw, 1024px\" \/><\/a> <a href=\"http:\/\/agora.xtec.cat\/escolacollserolacerdanyola\/wp-content\/uploads\/usu1390\/2017\/11\/20171128_104556.jpg\"><img loading=\"lazy\" decoding=\"async\" class=\"alignnone size-large wp-image-11647\" src=\"http:\/\/agora.xtec.cat\/escolacollserolacerdanyola\/wp-content\/uploads\/usu1390\/2017\/11\/20171128_104556-1024x614.jpg\" alt=\"\" width=\"1024\" height=\"614\" srcset=\"https:\/\/agora.xtec.cat\/escolacollserolacerdanyola\/wp-content\/uploads\/usu1390\/2017\/11\/20171128_104556-1024x614.jpg 1024w, https:\/\/agora.xtec.cat\/escolacollserolacerdanyola\/wp-content\/uploads\/usu1390\/2017\/11\/20171128_104556-300x180.jpg 300w, https:\/\/agora.xtec.cat\/escolacollserolacerdanyola\/wp-content\/uploads\/usu1390\/2017\/11\/20171128_104556-768x461.jpg 768w\" sizes=\"auto, (max-width: 1024px) 100vw, 1024px\" \/><\/a><\/p>\n","protected":false},"excerpt":{"rendered":"<p>El Gonzalo, pare de l&#8217;Arnau va venir ahir a explicar-nos qu\u00e8 \u00e9s i qu\u00e8 fa la Fundaci\u00f3 Pasqual Maragall on ell treballa ja que la nostra cooperativa ha decidit donar el 50% dels beneficis que obtinguem a aquesta entitat.<br \/>\nSi voleu con\u00e8ixer millor aquesta fundaci\u00f3 no&hellip;  <a href=\"https:\/\/agora.xtec.cat\/escolacollserolacerdanyola\/de-1r-a-6e\/5e\/xerrada-de-la-cooperativa-el-pare-de-larnau\/\" title=\"Read Xerrada de la cooperativa! El pare de l&#8217;Arnau&#8230;\">Llegeix m\u00e9s\u00bb<\/a><\/p>\n","protected":false},"author":9,"featured_media":11645,"comment_status":"open","ping_status":"closed","sticky":false,"template":"","format":"standard","meta":{"_bbp_topic_count":0,"_bbp_reply_count":0,"_bbp_total_topic_count":0,"_bbp_total_reply_count":0,"_bbp_voice_count":0,"_bbp_anonymous_reply_count":0,"_bbp_topic_count_hidden":0,"_bbp_reply_count_hidden":0,"_bbp_forum_subforum_count":0,"footnotes":""},"categories":[14,498,86],"tags":[],"class_list":["post-11644","post","type-post","status-publish","format-standard","has-post-thumbnail","hentry","category-5e","category-cooperatives-escolars","category-grans"],"post_mailing_queue_ids":[],"_links":{"self":[{"href":"https:\/\/agora.xtec.cat\/escolacollserolacerdanyola\/wp-json\/wp\/v2\/posts\/11644","targetHints":{"allow":["GET"]}}],"collection":[{"href":"https:\/\/agora.xtec.cat\/escolacollserolacerdanyola\/wp-json\/wp\/v2\/posts"}],"about":[{"href":"https:\/\/agora.xtec.cat\/escolacollserolacerdanyola\/wp-json\/wp\/v2\/types\/post"}],"author":[{"embeddable":true,"href":"https:\/\/agora.xtec.cat\/escolacollserolacerdanyola\/wp-json\/wp\/v2\/users\/9"}],"replies":[{"embeddable":true,"href":"https:\/\/agora.xtec.cat\/escolacollserolacerdanyola\/wp-json\/wp\/v2\/comments?post=11644"}],"version-history":[{"count":2,"href":"https:\/\/agora.xtec.cat\/escolacollserolacerdanyola\/wp-json\/wp\/v2\/posts\/11644\/revisions"}],"predecessor-version":[{"id":11649,"href":"https:\/\/agora.xtec.cat\/escolacollserolacerdanyola\/wp-json\/wp\/v2\/posts\/11644\/revisions\/11649"}],"wp:featuredmedia":[{"embeddable":true,"href":"https:\/\/agora.xtec.cat\/escolacollserolacerdanyola\/wp-json\/wp\/v2\/media\/11645"}],"wp:attachment":[{"href":"https:\/\/agora.xtec.cat\/escolacollserolacerdanyola\/wp-json\/wp\/v2\/media?parent=11644"}],"wp:term":[{"taxonomy":"category","embeddable":true,"href":"https:\/\/agora.xtec.cat\/escolacollserolacerdanyola\/wp-json\/wp\/v2\/categories?post=11644"},{"taxonomy":"post_tag","embeddable":true,"href":"https:\/\/agora.xtec.cat\/escolacollserolacerdanyola\/wp-json\/wp\/v2\/tags?post=11644"}],"curies":[{"name":"wp","href":"https:\/\/api.w.org\/{rel}","templated":true}]}}