{"id":11422,"date":"2017-11-17T12:56:58","date_gmt":"2017-11-17T11:56:58","guid":{"rendered":"http:\/\/agora.xtec.cat\/escolacollserolacerdanyola\/?p=11422"},"modified":"2018-01-08T18:35:54","modified_gmt":"2018-01-08T17:35:54","slug":"roda-de-premsa-de-les-cooperatives-de-5e-a-lateneu","status":"publish","type":"post","link":"https:\/\/agora.xtec.cat\/escolacollserolacerdanyola\/de-1r-a-6e\/5e\/roda-de-premsa-de-les-cooperatives-de-5e-a-lateneu\/","title":{"rendered":"Roda de premsa de les cooperatives de 5\u00e8 a l&#8217;Ateneu!!!"},"content":{"rendered":"<p><a href=\"http:\/\/agora.xtec.cat\/escolacollserolacerdanyola\/wp-content\/uploads\/usu1390\/2017\/11\/arrow-down.gif\"><img loading=\"lazy\" decoding=\"async\" class=\"wp-image-11197 aligncenter\" src=\"http:\/\/agora.xtec.cat\/escolacollserolacerdanyola\/wp-content\/uploads\/usu1390\/2017\/11\/arrow-down.gif\" alt=\"\" width=\"73\" height=\"73\" \/><\/a><\/p>\n<p>&nbsp;<\/p>\n<p><a href=\"https:\/\/photos.app.goo.gl\/Sp9rHOmjwBCZpaj52\"><img loading=\"lazy\" decoding=\"async\" class=\"aligncenter wp-image-11423 \" src=\"http:\/\/agora.xtec.cat\/escolacollserolacerdanyola\/wp-content\/uploads\/usu1390\/2017\/11\/Logo_Cultura_emprenedora.jpeg\" alt=\"\" width=\"263\" height=\"262\" srcset=\"https:\/\/agora.xtec.cat\/escolacollserolacerdanyola\/wp-content\/uploads\/usu1390\/2017\/11\/Logo_Cultura_emprenedora.jpeg 200w, https:\/\/agora.xtec.cat\/escolacollserolacerdanyola\/wp-content\/uploads\/usu1390\/2017\/11\/Logo_Cultura_emprenedora-150x150.jpeg 150w\" sizes=\"auto, (max-width: 263px) 100vw, 263px\" \/><\/a><\/p>\n<p>A la revista TOT CERDANYOLA\u00a0 han publicat aquesta not\u00edcia:<\/p>\n<p><a href=\"http:\/\/agora.xtec.cat\/escolacollserolacerdanyola\/wp-content\/uploads\/usu1390\/2017\/11\/els-presidents-de-les-cooperatives-presentant-els-projectes.jpg\"><img loading=\"lazy\" decoding=\"async\" class=\"alignnone size-full wp-image-11519\" src=\"http:\/\/agora.xtec.cat\/escolacollserolacerdanyola\/wp-content\/uploads\/usu1390\/2017\/11\/els-presidents-de-les-cooperatives-presentant-els-projectes.jpg\" alt=\"\" width=\"760\" height=\"570\" srcset=\"https:\/\/agora.xtec.cat\/escolacollserolacerdanyola\/wp-content\/uploads\/usu1390\/2017\/11\/els-presidents-de-les-cooperatives-presentant-els-projectes.jpg 760w, https:\/\/agora.xtec.cat\/escolacollserolacerdanyola\/wp-content\/uploads\/usu1390\/2017\/11\/els-presidents-de-les-cooperatives-presentant-els-projectes-300x225.jpg 300w, https:\/\/agora.xtec.cat\/escolacollserolacerdanyola\/wp-content\/uploads\/usu1390\/2017\/11\/els-presidents-de-les-cooperatives-presentant-els-projectes-200x150.jpg 200w\" sizes=\"auto, (max-width: 760px) 100vw, 760px\" \/><\/a><\/p>\n<p><strong>Els alumnes de cinqu\u00e8 de prim\u00e0ria\u00a0<\/strong>de les escoles<strong>\u00a0Serraparera,\u00a0Xarau, Carles\u00a0Bu\u00efgas, Fontetes i, tamb\u00e9 aquest any, Collserola<\/strong>\u00a0han presentat\u00a0les empreses cooperatives que\u00a0han\u00a0constitu\u00eft, juntament amb el seu grup classe, per aquest curs 2017-2018. La presentaci\u00f3 ha tingut lloc el 17 de novembre al Teatre de l&#8217;Ateneu de\u00a0<strong>Cerdanyola<\/strong>.<\/p>\n<p>Els cerdanyolencs d&#8217;11 anys han creat<strong>\u00a0&#8220;cooperatives escolars&#8221;<\/strong>, sota\u00a0el paraigua\u00a0del programa\u00a0<strong>Cultura Emprenedora a l&#8217;Escola<\/strong>, impulsat per la Diputaci\u00f3 de Barcelona i la col\u00b7laboraci\u00f3 de l&#8217;Ajuntament.<\/p>\n<p>&nbsp;<\/p>\n<p><strong>Prop de 300 alumnes de Cerdanyola<\/strong>\u00a0tornaran a participar, per cinqu\u00e8 any consecutiu, en l&#8217;experi\u00e8ncia\u00a0de constituir una empresa i reflexionaran sobre el seu model econ\u00f2mic i social. Acompanyats pels respectius tutors, la nova fornada d&#8217;infants afrontar\u00e0 la constituci\u00f3 d&#8217;una cooperativa, la tria de l&#8217;equip directiu, l&#8217;elaboraci\u00f3 del seu logotip, la redacci\u00f3 dels estatuts, l&#8217;elaboraci\u00f3 del producte de venda i la final gesti\u00f3 dels beneficis destinats, en part, a entitats socials de la ciutat.<\/p>\n<p>I a la revista CERDANYOLA AL DIA aquesta altra:<\/p>\n<p><a href=\"http:\/\/agora.xtec.cat\/escolacollserolacerdanyola\/wp-content\/uploads\/usu1390\/2017\/11\/0cd16382a44dd5666a6cdb7bae9c7fbd_L.jpg\"><img loading=\"lazy\" decoding=\"async\" class=\"alignnone size-full wp-image-11521\" src=\"http:\/\/agora.xtec.cat\/escolacollserolacerdanyola\/wp-content\/uploads\/usu1390\/2017\/11\/0cd16382a44dd5666a6cdb7bae9c7fbd_L.jpg\" alt=\"\" width=\"829\" height=\"399\" srcset=\"https:\/\/agora.xtec.cat\/escolacollserolacerdanyola\/wp-content\/uploads\/usu1390\/2017\/11\/0cd16382a44dd5666a6cdb7bae9c7fbd_L.jpg 829w, https:\/\/agora.xtec.cat\/escolacollserolacerdanyola\/wp-content\/uploads\/usu1390\/2017\/11\/0cd16382a44dd5666a6cdb7bae9c7fbd_L-300x144.jpg 300w, https:\/\/agora.xtec.cat\/escolacollserolacerdanyola\/wp-content\/uploads\/usu1390\/2017\/11\/0cd16382a44dd5666a6cdb7bae9c7fbd_L-768x370.jpg 768w\" sizes=\"auto, (max-width: 829px) 100vw, 829px\" \/><\/a><\/p>\n<p>Serragn\u00edfics, Trecokids.B, Emprelunya, Cooperart, Art i Shop, ArtistCooper, Zafont, Recoescola5 i Creakids s\u00f3n els noms de les nou cooperatives escolars que aquest curs han creat els alumnes de 5\u00e8 de Primaria de la ciutat. Enguany l\u2019escola Collserola se suma a la cinquena edici\u00f3 del programa \u2018Cultura emprenedora a l\u2019escola\u2019 -on tamb\u00e9 participen Xarau, Serraparera, Carles Bu\u00efgas i Les Fontetes- per fer cr\u00e9ixer un curs m\u00e9s aquesta proposta impulsada per la Diputaci\u00f3 de Barcelona i amb el suport l\u2019Ajuntament de Cerdanyola.<\/p>\n<p><a href=\"http:\/\/www.gifs-animados.es\/gifs-imagenes\/\"><img decoding=\"async\" src=\"http:\/\/www.gifs-animados.es\/gifs-imagenes\/s\/snoopy\/gifs-animados-snoopy-3467297.gif\" border=\"0\" \/><\/a><\/p>\n","protected":false},"excerpt":{"rendered":"<p><a href=\"http:\/\/agora.xtec.cat\/escolacollserolacerdanyola\/wp-content\/uploads\/usu1390\/2017\/11\/arrow-down.gif\"><\/a><br \/>\n&nbsp;<br \/>\n<a href=\"https:\/\/photos.app.goo.gl\/Sp9rHOmjwBCZpaj52\"><\/a><br \/>\nA la revista TOT CERDANYOLA\u00a0 han publicat aquesta not\u00edcia:<br \/>\n<a href=\"http:\/\/agora.xtec.cat\/escolacollserolacerdanyola\/wp-content\/uploads\/usu1390\/2017\/11\/els-presidents-de-les-cooperatives-presentant-els-projectes.jpg\"><\/a><br \/>\nEls alumnes de cinqu\u00e8 de prim\u00e0ria\u00a0de les escoles\u00a0Serraparera,\u00a0Xarau, Carles\u00a0Bu\u00efgas, Fontetes i, tamb\u00e9 aquest any, Collserola\u00a0han presentat\u00a0les empreses cooperatives que\u00a0han\u00a0constitu\u00eft, juntament amb el seu grup classe, per aquest curs 2017-2018. La presentaci\u00f3 ha tingut lloc&hellip;  <a href=\"https:\/\/agora.xtec.cat\/escolacollserolacerdanyola\/de-1r-a-6e\/5e\/roda-de-premsa-de-les-cooperatives-de-5e-a-lateneu\/\" title=\"Read Roda de premsa de les cooperatives de 5\u00e8 a l&#8217;Ateneu!!!\">Llegeix m\u00e9s\u00bb<\/a><\/p>\n","protected":false},"author":9,"featured_media":11521,"comment_status":"open","ping_status":"closed","sticky":false,"template":"","format":"standard","meta":{"_bbp_topic_count":0,"_bbp_reply_count":0,"_bbp_total_topic_count":0,"_bbp_total_reply_count":0,"_bbp_voice_count":0,"_bbp_anonymous_reply_count":0,"_bbp_topic_count_hidden":0,"_bbp_reply_count_hidden":0,"_bbp_forum_subforum_count":0,"footnotes":""},"categories":[14,498],"tags":[],"class_list":["post-11422","post","type-post","status-publish","format-standard","has-post-thumbnail","hentry","category-5e","category-cooperatives-escolars"],"post_mailing_queue_ids":[],"_links":{"self":[{"href":"https:\/\/agora.xtec.cat\/escolacollserolacerdanyola\/wp-json\/wp\/v2\/posts\/11422","targetHints":{"allow":["GET"]}}],"collection":[{"href":"https:\/\/agora.xtec.cat\/escolacollserolacerdanyola\/wp-json\/wp\/v2\/posts"}],"about":[{"href":"https:\/\/agora.xtec.cat\/escolacollserolacerdanyola\/wp-json\/wp\/v2\/types\/post"}],"author":[{"embeddable":true,"href":"https:\/\/agora.xtec.cat\/escolacollserolacerdanyola\/wp-json\/wp\/v2\/users\/9"}],"replies":[{"embeddable":true,"href":"https:\/\/agora.xtec.cat\/escolacollserolacerdanyola\/wp-json\/wp\/v2\/comments?post=11422"}],"version-history":[{"count":4,"href":"https:\/\/agora.xtec.cat\/escolacollserolacerdanyola\/wp-json\/wp\/v2\/posts\/11422\/revisions"}],"predecessor-version":[{"id":11522,"href":"https:\/\/agora.xtec.cat\/escolacollserolacerdanyola\/wp-json\/wp\/v2\/posts\/11422\/revisions\/11522"}],"wp:featuredmedia":[{"embeddable":true,"href":"https:\/\/agora.xtec.cat\/escolacollserolacerdanyola\/wp-json\/wp\/v2\/media\/11521"}],"wp:attachment":[{"href":"https:\/\/agora.xtec.cat\/escolacollserolacerdanyola\/wp-json\/wp\/v2\/media?parent=11422"}],"wp:term":[{"taxonomy":"category","embeddable":true,"href":"https:\/\/agora.xtec.cat\/escolacollserolacerdanyola\/wp-json\/wp\/v2\/categories?post=11422"},{"taxonomy":"post_tag","embeddable":true,"href":"https:\/\/agora.xtec.cat\/escolacollserolacerdanyola\/wp-json\/wp\/v2\/tags?post=11422"}],"curies":[{"name":"wp","href":"https:\/\/api.w.org\/{rel}","templated":true}]}}