{"id":11393,"date":"2017-11-16T20:42:26","date_gmt":"2017-11-16T19:42:26","guid":{"rendered":"http:\/\/agora.xtec.cat\/escolacollserolacerdanyola\/?p=11393"},"modified":"2017-11-16T20:52:23","modified_gmt":"2017-11-16T19:52:23","slug":"primers-dies-dhort-dels-gorilles","status":"publish","type":"post","link":"https:\/\/agora.xtec.cat\/escolacollserolacerdanyola\/ei3-ei4-ei5\/primers-dies-dhort-dels-gorilles\/","title":{"rendered":"Primers dies d&#8217;hort dels goril\u00b7les"},"content":{"rendered":"<p>Els goril\u00b7les vam comen\u00e7ar per anar a l&#8217;hort dels grans de l&#8217;escola a veure les carxoferes i a ajudar en algunes tasques, com recollir cargols que es mengen les nostres plantes o treure fulles que s&#8217;acumulen a terra.<\/p>\n<p>I\u00a0abans de comen\u00e7ar a treballar al nostre hort calia anar a veure qu\u00e8 quedava de l&#8217;any passat. Els rosers i els messens ja sabiem que estaven, per\u00f2 ens ha sorpr\u00e8s trobar-hi una tomaquera que segueix fent tom\u00e0quets. aprofitem per fer un dibuix del nostre hort abans de comen\u00e7ar a plantar.<\/p>\n<p><a href=\"http:\/\/agora.xtec.cat\/escolacollserolacerdanyola\/wp-content\/uploads\/usu1390\/2017\/11\/20170913_155232.jpg\"><img loading=\"lazy\" decoding=\"async\" class=\"alignnone wp-image-11411\" src=\"http:\/\/agora.xtec.cat\/escolacollserolacerdanyola\/wp-content\/uploads\/usu1390\/2017\/11\/20170913_155232.jpg\" alt=\"\" width=\"670\" height=\"502\" srcset=\"https:\/\/agora.xtec.cat\/escolacollserolacerdanyola\/wp-content\/uploads\/usu1390\/2017\/11\/20170913_155232.jpg 849w, https:\/\/agora.xtec.cat\/escolacollserolacerdanyola\/wp-content\/uploads\/usu1390\/2017\/11\/20170913_155232-300x225.jpg 300w, https:\/\/agora.xtec.cat\/escolacollserolacerdanyola\/wp-content\/uploads\/usu1390\/2017\/11\/20170913_155232-768x576.jpg 768w, https:\/\/agora.xtec.cat\/escolacollserolacerdanyola\/wp-content\/uploads\/usu1390\/2017\/11\/20170913_155232-200x150.jpg 200w\" sizes=\"auto, (max-width: 670px) 100vw, 670px\" \/><\/a><\/p>\n<p><a href=\"https:\/\/photos.app.goo.gl\/CcW772VwI8PTIJRF2\">cliqueu aqu\u00ed per veure les fotos<\/a><\/p>\n","protected":false},"excerpt":{"rendered":"<p>Els goril\u00b7les vam comen\u00e7ar per anar a l&#8217;hort dels grans de l&#8217;escola a veure les carxoferes i a ajudar en algunes tasques, com recollir cargols que es mengen les nostres plantes o treure fulles que s&#8217;acumulen a terra.<br \/>\nI\u00a0abans de comen\u00e7ar a treballar al nostre hort&hellip;  <a href=\"https:\/\/agora.xtec.cat\/escolacollserolacerdanyola\/ei3-ei4-ei5\/primers-dies-dhort-dels-gorilles\/\" title=\"Read Primers dies d&#8217;hort dels goril\u00b7les\">Llegeix m\u00e9s\u00bb<\/a><\/p>\n","protected":false},"author":6,"featured_media":11411,"comment_status":"open","ping_status":"closed","sticky":false,"template":"","format":"standard","meta":{"_bbp_topic_count":0,"_bbp_reply_count":0,"_bbp_total_topic_count":0,"_bbp_total_reply_count":0,"_bbp_voice_count":0,"_bbp_anonymous_reply_count":0,"_bbp_topic_count_hidden":0,"_bbp_reply_count_hidden":0,"_bbp_forum_subforum_count":0,"footnotes":""},"categories":[2,9,67],"tags":[],"class_list":["post-11393","post","type-post","status-publish","format-standard","has-post-thumbnail","hentry","category-ei3-ei4-ei5","category-ei5","category-hort"],"post_mailing_queue_ids":[],"_links":{"self":[{"href":"https:\/\/agora.xtec.cat\/escolacollserolacerdanyola\/wp-json\/wp\/v2\/posts\/11393","targetHints":{"allow":["GET"]}}],"collection":[{"href":"https:\/\/agora.xtec.cat\/escolacollserolacerdanyola\/wp-json\/wp\/v2\/posts"}],"about":[{"href":"https:\/\/agora.xtec.cat\/escolacollserolacerdanyola\/wp-json\/wp\/v2\/types\/post"}],"author":[{"embeddable":true,"href":"https:\/\/agora.xtec.cat\/escolacollserolacerdanyola\/wp-json\/wp\/v2\/users\/6"}],"replies":[{"embeddable":true,"href":"https:\/\/agora.xtec.cat\/escolacollserolacerdanyola\/wp-json\/wp\/v2\/comments?post=11393"}],"version-history":[{"count":2,"href":"https:\/\/agora.xtec.cat\/escolacollserolacerdanyola\/wp-json\/wp\/v2\/posts\/11393\/revisions"}],"predecessor-version":[{"id":11412,"href":"https:\/\/agora.xtec.cat\/escolacollserolacerdanyola\/wp-json\/wp\/v2\/posts\/11393\/revisions\/11412"}],"wp:featuredmedia":[{"embeddable":true,"href":"https:\/\/agora.xtec.cat\/escolacollserolacerdanyola\/wp-json\/wp\/v2\/media\/11411"}],"wp:attachment":[{"href":"https:\/\/agora.xtec.cat\/escolacollserolacerdanyola\/wp-json\/wp\/v2\/media?parent=11393"}],"wp:term":[{"taxonomy":"category","embeddable":true,"href":"https:\/\/agora.xtec.cat\/escolacollserolacerdanyola\/wp-json\/wp\/v2\/categories?post=11393"},{"taxonomy":"post_tag","embeddable":true,"href":"https:\/\/agora.xtec.cat\/escolacollserolacerdanyola\/wp-json\/wp\/v2\/tags?post=11393"}],"curies":[{"name":"wp","href":"https:\/\/api.w.org\/{rel}","templated":true}]}}