{"id":11349,"date":"2017-11-14T10:44:40","date_gmt":"2017-11-14T09:44:40","guid":{"rendered":"http:\/\/agora.xtec.cat\/escolacollserolacerdanyola\/?p=11349"},"modified":"2018-04-07T12:38:03","modified_gmt":"2018-04-07T10:38:03","slug":"assemblea-de-delegatsdes-2017-2018","status":"publish","type":"post","link":"https:\/\/agora.xtec.cat\/escolacollserolacerdanyola\/ei3-ei4-ei5\/assemblea-de-delegatsdes-2017-2018\/","title":{"rendered":"ASSEMBLEA DE DELEGATS\/DES 2017-2018"},"content":{"rendered":"<p><a href=\"http:\/\/agora.xtec.cat\/escolacollserolacerdanyola\/wp-content\/uploads\/usu1390\/2017\/11\/DELEGATS-17-18.jpg\"><img loading=\"lazy\" decoding=\"async\" class=\"alignnone size-large wp-image-11350\" src=\"http:\/\/agora.xtec.cat\/escolacollserolacerdanyola\/wp-content\/uploads\/usu1390\/2017\/11\/DELEGATS-17-18-1024x576.jpg\" alt=\"\" width=\"1024\" height=\"576\" srcset=\"https:\/\/agora.xtec.cat\/escolacollserolacerdanyola\/wp-content\/uploads\/usu1390\/2017\/11\/DELEGATS-17-18-1024x576.jpg 1024w, https:\/\/agora.xtec.cat\/escolacollserolacerdanyola\/wp-content\/uploads\/usu1390\/2017\/11\/DELEGATS-17-18-300x169.jpg 300w, https:\/\/agora.xtec.cat\/escolacollserolacerdanyola\/wp-content\/uploads\/usu1390\/2017\/11\/DELEGATS-17-18-768x432.jpg 768w, https:\/\/agora.xtec.cat\/escolacollserolacerdanyola\/wp-content\/uploads\/usu1390\/2017\/11\/DELEGATS-17-18.jpg 1920w\" sizes=\"auto, (max-width: 1024px) 100vw, 1024px\" \/><\/a><\/p>\n<p>Les assemblees dels delegats i delegades de l&#8217;escola ja han comen\u00e7at.\u00a0Ens estem coneixent i ens agrada compartir bons moments.<\/p>\n<p>Les reunions han estat molt profitoses i\u00a0per comen\u00e7ar el curs, ja hem decidit el tema de les jornades culturals de l&#8217;escola d&#8217;enguany:\u00a0<strong>LES ARTS ESC\u00c8NIQUES<\/strong>. Tenim inter\u00e8s per descobrir el m\u00f3n de la dansa, la representaci\u00f3, el teatre, el circ, l&#8217;espectacle, entre d&#8217;altres.<\/p>\n<p>Tamb\u00e9 hem decidit que buscarem un nom m\u00e9s representatiu\u00a0i proper, tan bon punt el tinguem us el farem arribar.<\/p>\n<p>Amb aquesta not\u00edcia ens acomiadem, fins aviat.<\/p>\n<p>&nbsp;<\/p>\n<p>Delegats\/des de l&#8217;Escola Collserola<\/p>\n","protected":false},"excerpt":{"rendered":"<p><a href=\"http:\/\/agora.xtec.cat\/escolacollserolacerdanyola\/wp-content\/uploads\/usu1390\/2017\/11\/DELEGATS-17-18.jpg\"><\/a><br \/>\nLes assemblees dels delegats i delegades de l&#8217;escola ja han comen\u00e7at.\u00a0Ens estem coneixent i ens agrada compartir bons moments.<br \/>\nLes reunions han estat molt profitoses i\u00a0per comen\u00e7ar el curs, ja hem decidit el tema de les jornades culturals de l&#8217;escola d&#8217;enguany:\u00a0LES ARTS ESC\u00c8NIQUES. Tenim inter\u00e8s&hellip;  <a href=\"https:\/\/agora.xtec.cat\/escolacollserolacerdanyola\/ei3-ei4-ei5\/assemblea-de-delegatsdes-2017-2018\/\" title=\"Read ASSEMBLEA DE DELEGATS\/DES 2017-2018\">Llegeix m\u00e9s\u00bb<\/a><\/p>\n","protected":false},"author":23,"featured_media":11350,"comment_status":"open","ping_status":"closed","sticky":false,"template":"","format":"standard","meta":{"_bbp_topic_count":0,"_bbp_reply_count":0,"_bbp_total_topic_count":0,"_bbp_total_reply_count":0,"_bbp_voice_count":0,"_bbp_anonymous_reply_count":0,"_bbp_topic_count_hidden":0,"_bbp_reply_count_hidden":0,"_bbp_forum_subforum_count":0,"footnotes":""},"categories":[2,5],"tags":[],"class_list":["post-11349","post","type-post","status-publish","format-standard","has-post-thumbnail","hentry","category-ei3-ei4-ei5","category-de-1r-a-6e"],"post_mailing_queue_ids":[],"_links":{"self":[{"href":"https:\/\/agora.xtec.cat\/escolacollserolacerdanyola\/wp-json\/wp\/v2\/posts\/11349","targetHints":{"allow":["GET"]}}],"collection":[{"href":"https:\/\/agora.xtec.cat\/escolacollserolacerdanyola\/wp-json\/wp\/v2\/posts"}],"about":[{"href":"https:\/\/agora.xtec.cat\/escolacollserolacerdanyola\/wp-json\/wp\/v2\/types\/post"}],"author":[{"embeddable":true,"href":"https:\/\/agora.xtec.cat\/escolacollserolacerdanyola\/wp-json\/wp\/v2\/users\/23"}],"replies":[{"embeddable":true,"href":"https:\/\/agora.xtec.cat\/escolacollserolacerdanyola\/wp-json\/wp\/v2\/comments?post=11349"}],"version-history":[{"count":1,"href":"https:\/\/agora.xtec.cat\/escolacollserolacerdanyola\/wp-json\/wp\/v2\/posts\/11349\/revisions"}],"predecessor-version":[{"id":11352,"href":"https:\/\/agora.xtec.cat\/escolacollserolacerdanyola\/wp-json\/wp\/v2\/posts\/11349\/revisions\/11352"}],"wp:featuredmedia":[{"embeddable":true,"href":"https:\/\/agora.xtec.cat\/escolacollserolacerdanyola\/wp-json\/wp\/v2\/media\/11350"}],"wp:attachment":[{"href":"https:\/\/agora.xtec.cat\/escolacollserolacerdanyola\/wp-json\/wp\/v2\/media?parent=11349"}],"wp:term":[{"taxonomy":"category","embeddable":true,"href":"https:\/\/agora.xtec.cat\/escolacollserolacerdanyola\/wp-json\/wp\/v2\/categories?post=11349"},{"taxonomy":"post_tag","embeddable":true,"href":"https:\/\/agora.xtec.cat\/escolacollserolacerdanyola\/wp-json\/wp\/v2\/tags?post=11349"}],"curies":[{"name":"wp","href":"https:\/\/api.w.org\/{rel}","templated":true}]}}