{"id":1051,"date":"2015-06-30T08:39:00","date_gmt":"2015-06-30T06:39:00","guid":{"rendered":"http:\/\/agora.xtec.cat\/escolacollserolacerdanyola\/general\/aqualudic\/"},"modified":"2017-03-12T20:02:44","modified_gmt":"2017-03-12T19:02:44","slug":"aqualudic","status":"publish","type":"post","link":"https:\/\/agora.xtec.cat\/escolacollserolacerdanyola\/de-1r-a-6e\/mitjans\/aqualudic\/","title":{"rendered":"Aqual\u00fadic"},"content":{"rendered":"<p>Hem anat molt emocionats a la sortida de l&#8217;Aqual\u00fadic! Amb aquesta calor \u00e9s la millor opci\u00f3 per passar el mat\u00ed!!<\/p>\n<div>Fotos:&nbsp;<a href=\"https:\/\/goo.gl\/photos\/i2fkxHaDP9Jk164s9\">https:\/\/goo.gl\/photos\/i2fkxHaDP9Jk164s9<\/a><\/div>\n","protected":false},"excerpt":{"rendered":"<p>Hem anat molt emocionats a la sortida de l&#8217;Aqual\u00fadic! Amb aquesta calor \u00e9s la millor opci\u00f3 per passar el mat\u00ed!!<br \/>\nFotos:&nbsp;<a href=\"https:\/\/goo.gl\/photos\/i2fkxHaDP9Jk164s9\">https:\/\/goo.gl\/photos\/i2fkxHaDP9Jk164s9<\/a><\/p>\n","protected":false},"author":8,"featured_media":0,"comment_status":"open","ping_status":"closed","sticky":false,"template":"","format":"standard","meta":{"_bbp_topic_count":0,"_bbp_reply_count":0,"_bbp_total_topic_count":0,"_bbp_total_reply_count":0,"_bbp_voice_count":0,"_bbp_anonymous_reply_count":0,"_bbp_topic_count_hidden":0,"_bbp_reply_count_hidden":0,"_bbp_forum_subforum_count":0,"footnotes":""},"categories":[85],"tags":[89],"class_list":["post-1051","post","type-post","status-publish","format-standard","hentry","category-mitjans","tag-cicle-mitja"],"post_mailing_queue_ids":[],"_links":{"self":[{"href":"https:\/\/agora.xtec.cat\/escolacollserolacerdanyola\/wp-json\/wp\/v2\/posts\/1051","targetHints":{"allow":["GET"]}}],"collection":[{"href":"https:\/\/agora.xtec.cat\/escolacollserolacerdanyola\/wp-json\/wp\/v2\/posts"}],"about":[{"href":"https:\/\/agora.xtec.cat\/escolacollserolacerdanyola\/wp-json\/wp\/v2\/types\/post"}],"author":[{"embeddable":true,"href":"https:\/\/agora.xtec.cat\/escolacollserolacerdanyola\/wp-json\/wp\/v2\/users\/8"}],"replies":[{"embeddable":true,"href":"https:\/\/agora.xtec.cat\/escolacollserolacerdanyola\/wp-json\/wp\/v2\/comments?post=1051"}],"version-history":[{"count":1,"href":"https:\/\/agora.xtec.cat\/escolacollserolacerdanyola\/wp-json\/wp\/v2\/posts\/1051\/revisions"}],"predecessor-version":[{"id":1177,"href":"https:\/\/agora.xtec.cat\/escolacollserolacerdanyola\/wp-json\/wp\/v2\/posts\/1051\/revisions\/1177"}],"wp:attachment":[{"href":"https:\/\/agora.xtec.cat\/escolacollserolacerdanyola\/wp-json\/wp\/v2\/media?parent=1051"}],"wp:term":[{"taxonomy":"category","embeddable":true,"href":"https:\/\/agora.xtec.cat\/escolacollserolacerdanyola\/wp-json\/wp\/v2\/categories?post=1051"},{"taxonomy":"post_tag","embeddable":true,"href":"https:\/\/agora.xtec.cat\/escolacollserolacerdanyola\/wp-json\/wp\/v2\/tags?post=1051"}],"curies":[{"name":"wp","href":"https:\/\/api.w.org\/{rel}","templated":true}]}}