{"id":10494,"date":"2017-10-15T19:21:05","date_gmt":"2017-10-15T17:21:05","guid":{"rendered":"http:\/\/agora.xtec.cat\/escolacollserolacerdanyola\/?p=10494"},"modified":"2017-10-18T20:30:25","modified_gmt":"2017-10-18T18:30:25","slug":"young-learners","status":"publish","type":"post","link":"https:\/\/agora.xtec.cat\/escolacollserolacerdanyola\/readers\/young-learners\/","title":{"rendered":"Readers"},"content":{"rendered":"<p>En aquest espai, els alumnes de prim\u00e0ria podeu fer els vostres comentaris sobre les lectures amb CD que us emporteu de pr\u00e8stec a casa. Si el llibre \u00e9s de la col\u00b7lecci\u00f3 Macmillan tamb\u00e9 podeu escoltar el conte anant a la p\u00e0gina seg\u00fcent, nom\u00e9s cal escollir el nivell i conte i anar a Audio.\u00a0\u00a0<a href=\"https:\/\/www.macmillanyounglearners.com\/readers\/macmillan-childrens-readers\"><img loading=\"lazy\" decoding=\"async\" class=\"\" src=\"https:\/\/www.macmillanyounglearners.com\/readers\/sites\/all\/themes\/macmillanylp\/logo.png\" alt=\"Macmillan Young Learners\" width=\"166\" height=\"30\" \/><\/a><\/p>\n<p>&nbsp;<\/p>\n<p><a href=\"http:\/\/agora.xtec.cat\/escolacollserolacerdanyola\/wp-content\/uploads\/usu1390\/2017\/06\/B2K9Oy7.gif\"><img loading=\"lazy\" decoding=\"async\" class=\"alignnone size-full wp-image-9908\" src=\"http:\/\/agora.xtec.cat\/escolacollserolacerdanyola\/wp-content\/uploads\/usu1390\/2017\/06\/B2K9Oy7.gif\" alt=\"\" width=\"125\" height=\"70\" \/><\/a>\u00a0 \u00a0 Els vostres comentaris seran molt benvinguts!<\/p>\n<p>&nbsp;<\/p>\n<p>&nbsp;<\/p>\n","protected":false},"excerpt":{"rendered":"<p>En aquest espai, els alumnes de prim\u00e0ria podeu fer els vostres comentaris sobre les lectures amb CD que us emporteu de pr\u00e8stec a casa. Si el llibre \u00e9s de la col\u00b7lecci\u00f3 Macmillan tamb\u00e9 podeu escoltar el conte anant a la p\u00e0gina seg\u00fcent, nom\u00e9s cal escollir&hellip;  <a href=\"https:\/\/agora.xtec.cat\/escolacollserolacerdanyola\/readers\/young-learners\/\" title=\"Read Readers\">Llegeix m\u00e9s\u00bb<\/a><\/p>\n","protected":false},"author":21,"featured_media":0,"comment_status":"open","ping_status":"closed","sticky":false,"template":"","format":"standard","meta":{"_bbp_topic_count":0,"_bbp_reply_count":0,"_bbp_total_topic_count":0,"_bbp_total_reply_count":0,"_bbp_voice_count":0,"_bbp_anonymous_reply_count":0,"_bbp_topic_count_hidden":0,"_bbp_reply_count_hidden":0,"_bbp_forum_subforum_count":0,"footnotes":""},"categories":[409],"tags":[410,411],"class_list":["post-10494","post","type-post","status-publish","format-standard","hentry","category-readers","tag-learners","tag-readers"],"post_mailing_queue_ids":[],"_links":{"self":[{"href":"https:\/\/agora.xtec.cat\/escolacollserolacerdanyola\/wp-json\/wp\/v2\/posts\/10494","targetHints":{"allow":["GET"]}}],"collection":[{"href":"https:\/\/agora.xtec.cat\/escolacollserolacerdanyola\/wp-json\/wp\/v2\/posts"}],"about":[{"href":"https:\/\/agora.xtec.cat\/escolacollserolacerdanyola\/wp-json\/wp\/v2\/types\/post"}],"author":[{"embeddable":true,"href":"https:\/\/agora.xtec.cat\/escolacollserolacerdanyola\/wp-json\/wp\/v2\/users\/21"}],"replies":[{"embeddable":true,"href":"https:\/\/agora.xtec.cat\/escolacollserolacerdanyola\/wp-json\/wp\/v2\/comments?post=10494"}],"version-history":[{"count":3,"href":"https:\/\/agora.xtec.cat\/escolacollserolacerdanyola\/wp-json\/wp\/v2\/posts\/10494\/revisions"}],"predecessor-version":[{"id":10549,"href":"https:\/\/agora.xtec.cat\/escolacollserolacerdanyola\/wp-json\/wp\/v2\/posts\/10494\/revisions\/10549"}],"wp:attachment":[{"href":"https:\/\/agora.xtec.cat\/escolacollserolacerdanyola\/wp-json\/wp\/v2\/media?parent=10494"}],"wp:term":[{"taxonomy":"category","embeddable":true,"href":"https:\/\/agora.xtec.cat\/escolacollserolacerdanyola\/wp-json\/wp\/v2\/categories?post=10494"},{"taxonomy":"post_tag","embeddable":true,"href":"https:\/\/agora.xtec.cat\/escolacollserolacerdanyola\/wp-json\/wp\/v2\/tags?post=10494"}],"curies":[{"name":"wp","href":"https:\/\/api.w.org\/{rel}","templated":true}]}}