{"id":1049,"date":"2015-06-30T08:42:00","date_gmt":"2015-06-30T06:42:00","guid":{"rendered":"http:\/\/agora.xtec.cat\/escolacollserolacerdanyola\/general\/sortida-de-lultim-dia\/"},"modified":"2017-03-12T20:02:43","modified_gmt":"2017-03-12T19:02:43","slug":"sortida-de-lultim-dia","status":"publish","type":"post","link":"https:\/\/agora.xtec.cat\/escolacollserolacerdanyola\/de-1r-a-6e\/mitjans\/sortida-de-lultim-dia\/","title":{"rendered":"Sortida de l&#8217;\u00faltim dia"},"content":{"rendered":"<p>L&#8217;\u00faltim dia hem anat a Can Coll a esmorzar tota l&#8217;escola plegats. Per fer gana cada cicle ha fet una excursi\u00f3 diferent i despr\u00e9s ens hem trobat a la masia de Can Coll per acabar fent eun pica-pica!<\/p>\n<p>Fotos:&nbsp;<a href=\"https:\/\/goo.gl\/photos\/FuxoRz7sVC87N6Ts9\">https:\/\/goo.gl\/photos\/FuxoRz7sVC87N6Ts9<\/a><\/p>\n","protected":false},"excerpt":{"rendered":"<p>L&#8217;\u00faltim dia hem anat a Can Coll a esmorzar tota l&#8217;escola plegats. Per fer gana cada cicle ha fet una excursi\u00f3 diferent i despr\u00e9s ens hem trobat a la masia de Can Coll per acabar fent eun pica-pica!<br \/>\nFotos:&nbsp;<a href=\"https:\/\/goo.gl\/photos\/FuxoRz7sVC87N6Ts9\">https:\/\/goo.gl\/photos\/FuxoRz7sVC87N6Ts9<\/a><\/p>\n","protected":false},"author":8,"featured_media":0,"comment_status":"open","ping_status":"closed","sticky":false,"template":"","format":"standard","meta":{"_bbp_topic_count":0,"_bbp_reply_count":0,"_bbp_total_topic_count":0,"_bbp_total_reply_count":0,"_bbp_voice_count":0,"_bbp_anonymous_reply_count":0,"_bbp_topic_count_hidden":0,"_bbp_reply_count_hidden":0,"_bbp_forum_subforum_count":0,"footnotes":""},"categories":[85],"tags":[89],"class_list":["post-1049","post","type-post","status-publish","format-standard","hentry","category-mitjans","tag-cicle-mitja"],"post_mailing_queue_ids":[],"_links":{"self":[{"href":"https:\/\/agora.xtec.cat\/escolacollserolacerdanyola\/wp-json\/wp\/v2\/posts\/1049","targetHints":{"allow":["GET"]}}],"collection":[{"href":"https:\/\/agora.xtec.cat\/escolacollserolacerdanyola\/wp-json\/wp\/v2\/posts"}],"about":[{"href":"https:\/\/agora.xtec.cat\/escolacollserolacerdanyola\/wp-json\/wp\/v2\/types\/post"}],"author":[{"embeddable":true,"href":"https:\/\/agora.xtec.cat\/escolacollserolacerdanyola\/wp-json\/wp\/v2\/users\/8"}],"replies":[{"embeddable":true,"href":"https:\/\/agora.xtec.cat\/escolacollserolacerdanyola\/wp-json\/wp\/v2\/comments?post=1049"}],"version-history":[{"count":1,"href":"https:\/\/agora.xtec.cat\/escolacollserolacerdanyola\/wp-json\/wp\/v2\/posts\/1049\/revisions"}],"predecessor-version":[{"id":1175,"href":"https:\/\/agora.xtec.cat\/escolacollserolacerdanyola\/wp-json\/wp\/v2\/posts\/1049\/revisions\/1175"}],"wp:attachment":[{"href":"https:\/\/agora.xtec.cat\/escolacollserolacerdanyola\/wp-json\/wp\/v2\/media?parent=1049"}],"wp:term":[{"taxonomy":"category","embeddable":true,"href":"https:\/\/agora.xtec.cat\/escolacollserolacerdanyola\/wp-json\/wp\/v2\/categories?post=1049"},{"taxonomy":"post_tag","embeddable":true,"href":"https:\/\/agora.xtec.cat\/escolacollserolacerdanyola\/wp-json\/wp\/v2\/tags?post=1049"}],"curies":[{"name":"wp","href":"https:\/\/api.w.org\/{rel}","templated":true}]}}