{"id":1022,"date":"2015-12-28T21:56:00","date_gmt":"2015-12-28T20:56:00","guid":{"rendered":"http:\/\/agora.xtec.cat\/escolacollserolacerdanyola\/general\/3r-4t-kokopelli\/"},"modified":"2017-03-12T19:57:18","modified_gmt":"2017-03-12T18:57:18","slug":"3r-4t-kokopelli","status":"publish","type":"post","link":"https:\/\/agora.xtec.cat\/escolacollserolacerdanyola\/de-1r-a-6e\/3r\/3r-4t-kokopelli\/","title":{"rendered":"3r &#8211; 4t KOKOPELLI"},"content":{"rendered":"<p>Kokopelli \u00e9s una obra de teatre pensada i portada a l\u2019escenari per adults amb discapacitat ps\u00edquica i, en alguns casos, tamb\u00e9 f\u00edsica. Una bona oportunitat per reflexionar, amb els nens i nenes de Cicle Mitj\u00e0, sobre valors com la inclusivitat, el respecte a la difer\u00e8ncia, i la superaci\u00f3 de les dificultats.  <embed type=\"application\/x-shockwave-flash\" src=\"https:\/\/photos.gstatic.com\/media\/slideshow.swf\" width=\"400\" height=\"267\" flashvars=\"host=picasaweb.google.com&#038;hl=es&#038;feat=flashalbum&#038;RGB=0x000000&#038;feed=https%3A%2F%2Fpicasaweb.google.com%2Fdata%2Ffeed%2Fapi%2Fuser%2F107850670108070804301%2Falbumid%2F6233439670930640417%3Falt%3Drss%26kind%3Dphoto%26hl%3Des\" pluginspage=\"http:\/\/www.macromedia.com\/go\/getflashplayer\"><\/embed><\/p>\n","protected":false},"excerpt":{"rendered":"<p>Kokopelli \u00e9s una obra de teatre pensada i portada a l\u2019escenari per adults amb discapacitat ps\u00edquica i, en alguns casos, tamb\u00e9 f\u00edsica. Una bona oportunitat per reflexionar, amb els nens i nenes de Cicle Mitj\u00e0, sobre valors com la inclusivitat, el respecte a la difer\u00e8ncia,&hellip;  <a href=\"https:\/\/agora.xtec.cat\/escolacollserolacerdanyola\/de-1r-a-6e\/3r\/3r-4t-kokopelli\/\" title=\"Read 3r &#8211; 4t KOKOPELLI\">Llegeix m\u00e9s\u00bb<\/a><\/p>\n","protected":false},"author":8,"featured_media":0,"comment_status":"open","ping_status":"closed","sticky":false,"template":"","format":"standard","meta":{"_bbp_topic_count":0,"_bbp_reply_count":0,"_bbp_total_topic_count":0,"_bbp_total_reply_count":0,"_bbp_voice_count":0,"_bbp_anonymous_reply_count":0,"_bbp_topic_count_hidden":0,"_bbp_reply_count_hidden":0,"_bbp_forum_subforum_count":0,"footnotes":""},"categories":[12,67,85],"tags":[89],"class_list":["post-1022","post","type-post","status-publish","format-standard","hentry","category-3r","category-hort","category-mitjans","tag-cicle-mitja"],"post_mailing_queue_ids":[],"_links":{"self":[{"href":"https:\/\/agora.xtec.cat\/escolacollserolacerdanyola\/wp-json\/wp\/v2\/posts\/1022","targetHints":{"allow":["GET"]}}],"collection":[{"href":"https:\/\/agora.xtec.cat\/escolacollserolacerdanyola\/wp-json\/wp\/v2\/posts"}],"about":[{"href":"https:\/\/agora.xtec.cat\/escolacollserolacerdanyola\/wp-json\/wp\/v2\/types\/post"}],"author":[{"embeddable":true,"href":"https:\/\/agora.xtec.cat\/escolacollserolacerdanyola\/wp-json\/wp\/v2\/users\/8"}],"replies":[{"embeddable":true,"href":"https:\/\/agora.xtec.cat\/escolacollserolacerdanyola\/wp-json\/wp\/v2\/comments?post=1022"}],"version-history":[{"count":1,"href":"https:\/\/agora.xtec.cat\/escolacollserolacerdanyola\/wp-json\/wp\/v2\/posts\/1022\/revisions"}],"predecessor-version":[{"id":1118,"href":"https:\/\/agora.xtec.cat\/escolacollserolacerdanyola\/wp-json\/wp\/v2\/posts\/1022\/revisions\/1118"}],"wp:attachment":[{"href":"https:\/\/agora.xtec.cat\/escolacollserolacerdanyola\/wp-json\/wp\/v2\/media?parent=1022"}],"wp:term":[{"taxonomy":"category","embeddable":true,"href":"https:\/\/agora.xtec.cat\/escolacollserolacerdanyola\/wp-json\/wp\/v2\/categories?post=1022"},{"taxonomy":"post_tag","embeddable":true,"href":"https:\/\/agora.xtec.cat\/escolacollserolacerdanyola\/wp-json\/wp\/v2\/tags?post=1022"}],"curies":[{"name":"wp","href":"https:\/\/api.w.org\/{rel}","templated":true}]}}