{"id":9221,"date":"2025-02-10T16:47:19","date_gmt":"2025-02-10T15:47:19","guid":{"rendered":"https:\/\/agora.xtec.cat\/escolaciutatjardi\/?p=9221"},"modified":"2025-02-10T23:54:59","modified_gmt":"2025-02-10T22:54:59","slug":"voleu-venir-a-dinar-carnestoltes-2025","status":"publish","type":"post","link":"https:\/\/agora.xtec.cat\/escolaciutatjardi\/portada\/voleu-venir-a-dinar-carnestoltes-2025\/","title":{"rendered":"VOLEU VENIR A DINAR? CARNESTOLTES 2025"},"content":{"rendered":"<p>Benvolgudes fam\u00edlies.<\/p>\n<p><strong>Els dies 24, 25 i 26 de febrer<\/strong>, oferim l\u2019oportunitat de poder dinar amb els vostres fills o filles, per gaudir i fer d\u2019aquest dia un moment especial.<\/p>\n<div><b>A m\u00e9s, la Comissi\u00f3 Mixta de Festes, us convida als tallers de CARNESTOLTES i ajudar als infants de 15:00 a 16:30h el mateix dia que us quedeu a dinar.\u00a0<\/b><\/div>\n<div><\/div>\n<p>Per a poder venir cal omplir aquest : \u27a1<span style=\"font-size: 20px;\"><a href=\"https:\/\/docs.google.com\/forms\/d\/e\/1FAIpQLSfxKF2YyV5lEj6NAnsYGn_IsB18vDR6Ypk62XWhOxqwNk83SQ\/viewform?usp=dialog\" target=\"_blank\" rel=\"noopener\"><b>FORMULARI<\/b><\/a><\/span>.<\/p>\n<p><strong><span style=\"text-decoration: underline;\">La data l\u00edmit d\u2019inscripci\u00f3 \u00e9s <\/span><u>el dia 16 de febrer de 2025<\/u>.<\/strong><\/p>\n<p>Llegiu atentament el formulari.<br \/>\nTrieu les opcions de participaci\u00f3 que preferiu.<\/p>\n<div>\n<ul>\n<li>Ompliu un formulari per cada adult assistent,\u00a0<b><u>nom\u00e9s pare\/mare\/tutor legal<\/u><\/b>.<\/li>\n<li>Les persones amb infants en diferents torns han d\u2019escollir en quin s\u2019inscriuen.<\/li>\n<li><span style=\"color: #ff0000;\"><strong>Els familiars dels infants d&#8217;I3 han d\u2019informar, tamb\u00e9, si el seu fill\/a far\u00e0 la migdiada aquell dia o no.<\/strong><\/span><\/li>\n<li>El preu del men\u00fa d\u2019adults \u00e9s de\u00a0<b>5<\/b><strong>\u20ac.<\/strong><\/li>\n<li><span style=\"color: #ff0000;\"><strong>E<\/strong><strong>n cap cas es podr\u00e0 assistir al dinar sense formalitzar la inscripci\u00f3 pr\u00e8via i recollir el tiquet.<\/strong><\/span><\/li>\n<li>En funci\u00f3 del nombre d\u2019inscripcions s\u2019habilitaran diferents espais on dinar.<\/li>\n<li><span style=\"color: #ff0000;\"><b>En cas que l&#8217;infant assisteixi a una extraescolar, el torn del dinar pot variar.<\/b><\/span><\/li>\n<\/ul>\n<p><b>Dia 24<\/b>:<b> BLOC I (infantil I3, I4 i I5)<\/b><\/p>\n<p><b style=\"font-family: inherit; font-size: 1em;\">Dia 25<\/b><span style=\"font-family: inherit; font-size: 1em;\">:<\/span><b style=\"font-family: inherit; font-size: 1em;\"> BLOC II (prim\u00e0ria, 1r, 2n i 3r)<\/b><\/p>\n<p><b style=\"font-family: inherit; font-size: 1em;\">Dia 26<\/b><span style=\"font-family: inherit; font-size: 1em;\">:\u00a0<\/span><b style=\"font-family: inherit; font-size: 1em;\">BLOC III (prim\u00e0ria, 4t, 5\u00e8 i 6\u00e8)<\/b><\/p>\n<p><span style=\"font-size: 16px;\"><b style=\"font-family: inherit;\">En acabar de dinar, PODEU GAUDIR DE L&#8217;ESTONA D&#8217;ESBARJO, amb els vostres fills i filles.<\/b><\/span><\/p>\n<p><span style=\"font-family: inherit; font-size: 16px;\">Les fam\u00edlies que tinguin infants que estiguin inscrits a les activitats extraescolars, podran assistir a la sessi\u00f3 d&#8217;aquell dia.<\/span><\/p>\n<p><span style=\"font-family: inherit; font-size: 16px;\">L&#8217;entrada dels infants a les aules, es dur\u00e0 a terme en l&#8217;horari habitual.<\/span><\/p>\n<div><b>\u00a0<\/b><\/div>\n<div><b><span style=\"color: #ff0000;\">Recordeu<\/span> recollir i abonar l&#8217;import, en EFECTIU, dels vostres tiquets <\/b><b>a l&#8217;espai de l&#8217;AFA, <\/b><b>durant els dies:<\/b><\/div>\n<div>\n<ul>\n<li><u>Dilluns 17 de febrer a la tarda.<\/u><\/li>\n<li><u>Dimarts 18 de febrer <\/u><\/li>\n<li><u>Dimecres 19 de febrer<\/u><\/li>\n<\/ul>\n<\/div>\n<\/div>\n<div>\n<div>En cas de dubtes i consultes podeu contactar amb\u00a0<a href=\"mailto:afa@escolaciutatjardi.cat\">afa@escolaciutatjardi.cat<\/a>\u00a0.<\/div>\n<\/div>\n","protected":false},"excerpt":{"rendered":"<p>Formulari i condicions.&hellip;  <a href=\"https:\/\/agora.xtec.cat\/escolaciutatjardi\/portada\/voleu-venir-a-dinar-carnestoltes-2025\/\" title=\"Read VOLEU VENIR A DINAR? CARNESTOLTES 2025\">Llegeix m\u00e9s\u00bb<\/a><\/p>\n","protected":false},"author":1,"featured_media":9228,"comment_status":"closed","ping_status":"closed","sticky":false,"template":"","format":"standard","meta":{"_bbp_topic_count":0,"_bbp_reply_count":0,"_bbp_total_topic_count":0,"_bbp_total_reply_count":0,"_bbp_voice_count":0,"_bbp_anonymous_reply_count":0,"_bbp_topic_count_hidden":0,"_bbp_reply_count_hidden":0,"_bbp_forum_subforum_count":0,"footnotes":""},"categories":[32,66,4],"tags":[283,503,135],"class_list":["post-9221","post","type-post","status-publish","format-standard","has-post-thumbnail","hentry","category-festes","category-hivern","category-portada","tag-carnestoltes","tag-dinar","tag-familia-i-escola"],"post_mailing_queue_ids":[],"_links":{"self":[{"href":"https:\/\/agora.xtec.cat\/escolaciutatjardi\/wp-json\/wp\/v2\/posts\/9221","targetHints":{"allow":["GET"]}}],"collection":[{"href":"https:\/\/agora.xtec.cat\/escolaciutatjardi\/wp-json\/wp\/v2\/posts"}],"about":[{"href":"https:\/\/agora.xtec.cat\/escolaciutatjardi\/wp-json\/wp\/v2\/types\/post"}],"author":[{"embeddable":true,"href":"https:\/\/agora.xtec.cat\/escolaciutatjardi\/wp-json\/wp\/v2\/users\/1"}],"replies":[{"embeddable":true,"href":"https:\/\/agora.xtec.cat\/escolaciutatjardi\/wp-json\/wp\/v2\/comments?post=9221"}],"version-history":[{"count":6,"href":"https:\/\/agora.xtec.cat\/escolaciutatjardi\/wp-json\/wp\/v2\/posts\/9221\/revisions"}],"predecessor-version":[{"id":9237,"href":"https:\/\/agora.xtec.cat\/escolaciutatjardi\/wp-json\/wp\/v2\/posts\/9221\/revisions\/9237"}],"wp:featuredmedia":[{"embeddable":true,"href":"https:\/\/agora.xtec.cat\/escolaciutatjardi\/wp-json\/wp\/v2\/media\/9228"}],"wp:attachment":[{"href":"https:\/\/agora.xtec.cat\/escolaciutatjardi\/wp-json\/wp\/v2\/media?parent=9221"}],"wp:term":[{"taxonomy":"category","embeddable":true,"href":"https:\/\/agora.xtec.cat\/escolaciutatjardi\/wp-json\/wp\/v2\/categories?post=9221"},{"taxonomy":"post_tag","embeddable":true,"href":"https:\/\/agora.xtec.cat\/escolaciutatjardi\/wp-json\/wp\/v2\/tags?post=9221"}],"curies":[{"name":"wp","href":"https:\/\/api.w.org\/{rel}","templated":true}]}}