{"id":5770,"date":"2026-04-14T10:45:26","date_gmt":"2026-04-14T08:45:26","guid":{"rendered":"https:\/\/agora.xtec.cat\/escolacharlierivel\/?p=5770"},"modified":"2026-04-22T22:05:14","modified_gmt":"2026-04-22T20:05:14","slug":"el-microfon-de-5e-3r-capitol-jordi-fenosa-autor-del-llibre-bilomba-a-la-vista","status":"publish","type":"post","link":"https:\/\/agora.xtec.cat\/escolacharlierivel\/escola-charlie-rivel\/el-microfon-de-5e-3r-capitol-jordi-fenosa-autor-del-llibre-bilomba-a-la-vista\/","title":{"rendered":"El micr\u00f2fon de 5\u00e8 &#8211; 3r cap\u00edtol &#8211; Jordi Fenosa (autor del llibre Bilomba a la vista)"},"content":{"rendered":"\n<p>L\u2019alumnat de 5\u00e8 de prim\u00e0ria continua amb molta il\u00b7lusi\u00f3 la seva participaci\u00f3 en el projecte de r\u00e0dio de l\u2019escola Charlie Rivel. Despr\u00e9s dels primers programes, els nens i nenes tornen a posar-se davant dels micr\u00f2fons per viure una nova experi\u00e8ncia radiof\u00f2nica plena d\u2019aprenentatges i emocions.<\/p>\n\n\n\n<p>En aquest tercer cap\u00edtol d\u2019\u201cEl micr\u00f2fon de 5\u00e8\u201d, un grup d\u2019alumnes ha tingut l\u2019oportunitat d\u2019entrevistar en Jordi Fenosa, autor del llibre <em>Bilomba a la vista<\/em>, una obra que han treballat dins del programa \u201cEl gust per la lectura\u201d. Durant l\u2019entrevista, els alumnes li han fet preguntes sobre el proc\u00e9s de creaci\u00f3 del llibre, els personatges, les seves fonts d\u2019inspiraci\u00f3 i la seva experi\u00e8ncia com a escriptor.<\/p>\n\n\n\n<p>Aquesta activitat forma part del projecte de r\u00e0dio del centre i permet continuar desenvolupant compet\u00e8ncies com l\u2019expressi\u00f3 oral en llengua catalana, la preparaci\u00f3 de preguntes, l\u2019escolta activa i el treball cooperatiu. A m\u00e9s, ofereix als alumnes l\u2019oportunitat d\u2019apropar-se al m\u00f3n de la literatura d\u2019una manera vivencial i motivadora, tot dialogant directament amb l\u2019autor del llibre que han llegit.<\/p>\n\n\n\n<p>En el seg\u00fcent enlla\u00e7 podreu escoltar el podcast amb l\u2019entrevista completa i descobrir com ha anat aquesta segona experi\u00e8ncia davant dels micr\u00f2fons.<\/p>\n\n\n\n<p><a href=\"https:\/\/on.soundcloud.com\/KOHOPTmP7fkaF6KL1g\">1r Cap\u00edtol<\/a>&nbsp;\u2013 El micr\u00f2fon de 5\u00e8, entrevista a l\u2019Asun Garc\u00eda<\/p>\n\n\n\n<p><a href=\"https:\/\/soundcloud.com\/jon-bon-jovi-854087161\/el-microfon-de-5e-entrevista?si=c6bdfd6b314c4d178c3cdbdcad566584&amp;utm_source=clipboard&amp;utm_medium=text&amp;utm_campaign=social_sharing\">2n Cap\u00edtol\u00a0<\/a>\u2013 El micr\u00f2fon de 5\u00e8, entrevista a l\u2019Adriana M.<\/p>\n\n\n\n<p><a href=\"https:\/\/soundcloud.com\/jon-bon-jovi-854087161\/el-microfon-de-5e-entrevista-1?si=684306c6f60d4ce08e44dcc6521a41a5&amp;utm_source=clipboard&amp;utm_medium=text&amp;utm_campaign=social_sharing\" data-type=\"link\" data-id=\"https:\/\/soundcloud.com\/jon-bon-jovi-854087161\/el-microfon-de-5e-entrevista-1?si=684306c6f60d4ce08e44dcc6521a41a5&amp;utm_source=clipboard&amp;utm_medium=text&amp;utm_campaign=social_sharing\">3r Cap\u00edtol<\/a> &#8211; El micr\u00f2fon de 5\u00e8, entrevist a Jordi Fenosa.<\/p>\n","protected":false},"excerpt":{"rendered":"<p>L\u2019alumnat de 5\u00e8 de prim\u00e0ria continua amb molta il\u00b7lusi\u00f3 la seva participaci\u00f3 en el projecte de r\u00e0dio de l\u2019escola Charlie Rivel. Despr\u00e9s dels primers programes, els nens i nenes tornen a posar-se davant dels micr\u00f2fons per viure una nova experi\u00e8ncia radiof\u00f2nica plena d\u2019aprenentatges i emocions. En aquest tercer cap\u00edtol d\u2019\u201cEl micr\u00f2fon de 5\u00e8\u201d, un grup [&hellip;]<\/p>\n","protected":false},"author":14,"featured_media":5273,"comment_status":"open","ping_status":"open","sticky":false,"template":"","format":"standard","meta":{"_bbp_topic_count":0,"_bbp_reply_count":0,"_bbp_total_topic_count":0,"_bbp_total_reply_count":0,"_bbp_voice_count":0,"_bbp_anonymous_reply_count":0,"_bbp_topic_count_hidden":0,"_bbp_reply_count_hidden":0,"_bbp_forum_subforum_count":0,"site-sidebar-layout":"default","site-content-layout":"","ast-site-content-layout":"default","site-content-style":"default","site-sidebar-style":"default","ast-global-header-display":"","ast-banner-title-visibility":"","ast-main-header-display":"","ast-hfb-above-header-display":"","ast-hfb-below-header-display":"","ast-hfb-mobile-header-display":"","site-post-title":"","ast-breadcrumbs-content":"","ast-featured-img":"","footer-sml-layout":"","theme-transparent-header-meta":"","adv-header-id-meta":"","stick-header-meta":"","header-above-stick-meta":"","header-main-stick-meta":"","header-below-stick-meta":"","astra-migrate-meta-layouts":"set","ast-page-background-enabled":"default","ast-page-background-meta":{"desktop":{"background-color":"var(--ast-global-color-4)","background-image":"","background-repeat":"repeat","background-position":"center center","background-size":"auto","background-attachment":"scroll","background-type":"","background-media":"","overlay-type":"","overlay-color":"","overlay-opacity":"","overlay-gradient":""},"tablet":{"background-color":"","background-image":"","background-repeat":"repeat","background-position":"center center","background-size":"auto","background-attachment":"scroll","background-type":"","background-media":"","overlay-type":"","overlay-color":"","overlay-opacity":"","overlay-gradient":""},"mobile":{"background-color":"","background-image":"","background-repeat":"repeat","background-position":"center center","background-size":"auto","background-attachment":"scroll","background-type":"","background-media":"","overlay-type":"","overlay-color":"","overlay-opacity":"","overlay-gradient":""}},"ast-content-background-meta":{"desktop":{"background-color":"var(--ast-global-color-5)","background-image":"","background-repeat":"repeat","background-position":"center center","background-size":"auto","background-attachment":"scroll","background-type":"","background-media":"","overlay-type":"","overlay-color":"","overlay-opacity":"","overlay-gradient":""},"tablet":{"background-color":"var(--ast-global-color-5)","background-image":"","background-repeat":"repeat","background-position":"center center","background-size":"auto","background-attachment":"scroll","background-type":"","background-media":"","overlay-type":"","overlay-color":"","overlay-opacity":"","overlay-gradient":""},"mobile":{"background-color":"var(--ast-global-color-5)","background-image":"","background-repeat":"repeat","background-position":"center center","background-size":"auto","background-attachment":"scroll","background-type":"","background-media":"","overlay-type":"","overlay-color":"","overlay-opacity":"","overlay-gradient":""}},"footnotes":""},"categories":[156,155,1,159,175],"tags":[],"class_list":["post-5770","post","type-post","status-publish","format-standard","has-post-thumbnail","hentry","category-5e","category-cs","category-escola-charlie-rivel","category-ep","category-radio-escola-charlie-rivel"],"post_mailing_queue_ids":[],"_links":{"self":[{"href":"https:\/\/agora.xtec.cat\/escolacharlierivel\/wp-json\/wp\/v2\/posts\/5770","targetHints":{"allow":["GET"]}}],"collection":[{"href":"https:\/\/agora.xtec.cat\/escolacharlierivel\/wp-json\/wp\/v2\/posts"}],"about":[{"href":"https:\/\/agora.xtec.cat\/escolacharlierivel\/wp-json\/wp\/v2\/types\/post"}],"author":[{"embeddable":true,"href":"https:\/\/agora.xtec.cat\/escolacharlierivel\/wp-json\/wp\/v2\/users\/14"}],"replies":[{"embeddable":true,"href":"https:\/\/agora.xtec.cat\/escolacharlierivel\/wp-json\/wp\/v2\/comments?post=5770"}],"version-history":[{"count":1,"href":"https:\/\/agora.xtec.cat\/escolacharlierivel\/wp-json\/wp\/v2\/posts\/5770\/revisions"}],"predecessor-version":[{"id":5771,"href":"https:\/\/agora.xtec.cat\/escolacharlierivel\/wp-json\/wp\/v2\/posts\/5770\/revisions\/5771"}],"wp:featuredmedia":[{"embeddable":true,"href":"https:\/\/agora.xtec.cat\/escolacharlierivel\/wp-json\/wp\/v2\/media\/5273"}],"wp:attachment":[{"href":"https:\/\/agora.xtec.cat\/escolacharlierivel\/wp-json\/wp\/v2\/media?parent=5770"}],"wp:term":[{"taxonomy":"category","embeddable":true,"href":"https:\/\/agora.xtec.cat\/escolacharlierivel\/wp-json\/wp\/v2\/categories?post=5770"},{"taxonomy":"post_tag","embeddable":true,"href":"https:\/\/agora.xtec.cat\/escolacharlierivel\/wp-json\/wp\/v2\/tags?post=5770"}],"curies":[{"name":"wp","href":"https:\/\/api.w.org\/{rel}","templated":true}]}}