{"id":1295,"date":"2017-09-13T23:10:45","date_gmt":"2017-09-13T21:10:45","guid":{"rendered":"http:\/\/blocs.xtec.cat\/charlierivelhospitalet\/?p=1295"},"modified":"2017-09-13T23:10:45","modified_gmt":"2017-09-13T21:10:45","slug":"1295","status":"publish","type":"post","link":"https:\/\/agora.xtec.cat\/escolacharlierivel\/escola-charlie-rivel\/1295\/","title":{"rendered":"Men\u00fas de menjador &#8211; Curs 2017-18"},"content":{"rendered":"<p>Hola de nou, fam\u00edlies!<\/p>\n<p>Aquesta setmana els nens i nenes de l&#8217;escola han comen\u00e7at un nou curs. I per a tots aquells que us quedeu a dinar a l&#8217;escola, us informem que d&#8217;ara en endavant, del servei de menjador se n&#8217;encarregar\u00e0 l&#8217;empresa Cuina Justa.<\/p>\n<blockquote class=\"wp-embedded-content\" data-secret=\"6ba5sltzyb\"><p><a href=\"https:\/\/cuinajusta.com\/\">Cuina Justa<\/a><\/p><\/blockquote>\n<p><iframe loading=\"lazy\" class=\"wp-embedded-content\" sandbox=\"allow-scripts\" security=\"restricted\" style=\"position: absolute; clip: rect(1px, 1px, 1px, 1px);\" title=\"&#8220;Cuina Justa&#8221; &#8212; Cuina Justa\" src=\"https:\/\/cuinajusta.com\/embed\/#?secret=OXK0awycK6#?secret=6ba5sltzyb\" data-secret=\"6ba5sltzyb\" width=\"500\" height=\"282\" frameborder=\"0\" marginwidth=\"0\" marginheight=\"0\" scrolling=\"no\"><\/iframe><\/p>\n<p>A m\u00e9s, us informem que a principis de cada mes<strong> es penjaran tots els <a href=\"https:\/\/www.facebook.com\/menjadorcharlierivel\/?fref=ts\">men\u00fas<\/a> dels dinars<\/strong> que menjaran els vostres fills i filles en el canal oficial de Facebook del servei de menjador.<\/p>\n<p>L&#8217;adre\u00e7a de la p\u00e0gina de Facebook \u00e9s la seg\u00fcent:<\/p>\n<p><a href=\"https:\/\/www.facebook.com\/menjadorcharlierivel\/?fref=ts\">http:\/\/www.facebook.com\/menjadorcharlierivel\/<\/a><\/p>\n<p>Tamb\u00e9 es penjaran a Twitter els men\u00fas dels dinars en el canal oficial de l&#8217;escola. Nom\u00e9s cal que ens seguiu!<\/p>\n<p><a href=\"https:\/\/twitter.com\/escCharlieRivel\">https:\/\/twitter.com\/escCharlieRivel<\/a><\/p>\n<p>Bon curs 2017-2018!<\/p>\n<p><a href=\"https:\/\/www.facebook.com\/menjadorcharlierivel\/?fref=ts\"><img decoding=\"async\" class=\"aligncenter\" src=\"https:\/\/lh3.googleusercontent.com\/8LaEYZFPd7up6tDZGy6crsLmMaO-_n1mM6gQliwiJikDN92SbhXxEo-6WcuD1KUAug49om-xqiBOlCbEx9TyheMGLWERtne_lt7JSJt6d4CgCjTogv7aHt5-OuFmov085W-2t5xgRQ\" \/><\/a><\/p>\n","protected":false},"excerpt":{"rendered":"<p>Hola de nou, fam\u00edlies! Aquesta setmana els nens i nenes de l&#8217;escola han comen\u00e7at un nou curs. I per a tots aquells que us quedeu a dinar a l&#8217;escola, us informem que d&#8217;ara en endavant, del servei de menjador se n&#8217;encarregar\u00e0 l&#8217;empresa Cuina Justa. Cuina Justa A m\u00e9s, us informem que a principis de cada [&hellip;]<\/p>\n","protected":false},"author":1,"featured_media":0,"comment_status":"open","ping_status":"open","sticky":false,"template":"","format":"standard","meta":{"_bbp_topic_count":0,"_bbp_reply_count":0,"_bbp_total_topic_count":0,"_bbp_total_reply_count":0,"_bbp_voice_count":0,"_bbp_anonymous_reply_count":0,"_bbp_topic_count_hidden":0,"_bbp_reply_count_hidden":0,"_bbp_forum_subforum_count":0,"site-sidebar-layout":"default","site-content-layout":"","ast-site-content-layout":"","site-content-style":"default","site-sidebar-style":"default","ast-global-header-display":"","ast-banner-title-visibility":"","ast-main-header-display":"","ast-hfb-above-header-display":"","ast-hfb-below-header-display":"","ast-hfb-mobile-header-display":"","site-post-title":"","ast-breadcrumbs-content":"","ast-featured-img":"","footer-sml-layout":"","theme-transparent-header-meta":"","adv-header-id-meta":"","stick-header-meta":"","header-above-stick-meta":"","header-main-stick-meta":"","header-below-stick-meta":"","astra-migrate-meta-layouts":"default","ast-page-background-enabled":"default","ast-page-background-meta":{"desktop":{"background-color":"var(--ast-global-color-4)","background-image":"","background-repeat":"repeat","background-position":"center center","background-size":"auto","background-attachment":"scroll","background-type":"","background-media":"","overlay-type":"","overlay-color":"","overlay-opacity":"","overlay-gradient":""},"tablet":{"background-color":"","background-image":"","background-repeat":"repeat","background-position":"center center","background-size":"auto","background-attachment":"scroll","background-type":"","background-media":"","overlay-type":"","overlay-color":"","overlay-opacity":"","overlay-gradient":""},"mobile":{"background-color":"","background-image":"","background-repeat":"repeat","background-position":"center center","background-size":"auto","background-attachment":"scroll","background-type":"","background-media":"","overlay-type":"","overlay-color":"","overlay-opacity":"","overlay-gradient":""}},"ast-content-background-meta":{"desktop":{"background-color":"var(--ast-global-color-5)","background-image":"","background-repeat":"repeat","background-position":"center center","background-size":"auto","background-attachment":"scroll","background-type":"","background-media":"","overlay-type":"","overlay-color":"","overlay-opacity":"","overlay-gradient":""},"tablet":{"background-color":"var(--ast-global-color-5)","background-image":"","background-repeat":"repeat","background-position":"center center","background-size":"auto","background-attachment":"scroll","background-type":"","background-media":"","overlay-type":"","overlay-color":"","overlay-opacity":"","overlay-gradient":""},"mobile":{"background-color":"var(--ast-global-color-5)","background-image":"","background-repeat":"repeat","background-position":"center center","background-size":"auto","background-attachment":"scroll","background-type":"","background-media":"","overlay-type":"","overlay-color":"","overlay-opacity":"","overlay-gradient":""}},"footnotes":""},"categories":[1],"tags":[],"class_list":["post-1295","post","type-post","status-publish","format-standard","hentry","category-escola-charlie-rivel"],"post_mailing_queue_ids":[],"_links":{"self":[{"href":"https:\/\/agora.xtec.cat\/escolacharlierivel\/wp-json\/wp\/v2\/posts\/1295","targetHints":{"allow":["GET"]}}],"collection":[{"href":"https:\/\/agora.xtec.cat\/escolacharlierivel\/wp-json\/wp\/v2\/posts"}],"about":[{"href":"https:\/\/agora.xtec.cat\/escolacharlierivel\/wp-json\/wp\/v2\/types\/post"}],"author":[{"embeddable":true,"href":"https:\/\/agora.xtec.cat\/escolacharlierivel\/wp-json\/wp\/v2\/users\/1"}],"replies":[{"embeddable":true,"href":"https:\/\/agora.xtec.cat\/escolacharlierivel\/wp-json\/wp\/v2\/comments?post=1295"}],"version-history":[{"count":0,"href":"https:\/\/agora.xtec.cat\/escolacharlierivel\/wp-json\/wp\/v2\/posts\/1295\/revisions"}],"wp:attachment":[{"href":"https:\/\/agora.xtec.cat\/escolacharlierivel\/wp-json\/wp\/v2\/media?parent=1295"}],"wp:term":[{"taxonomy":"category","embeddable":true,"href":"https:\/\/agora.xtec.cat\/escolacharlierivel\/wp-json\/wp\/v2\/categories?post=1295"},{"taxonomy":"post_tag","embeddable":true,"href":"https:\/\/agora.xtec.cat\/escolacharlierivel\/wp-json\/wp\/v2\/tags?post=1295"}],"curies":[{"name":"wp","href":"https:\/\/api.w.org\/{rel}","templated":true}]}}