{"id":25590,"date":"2023-04-26T07:56:06","date_gmt":"2023-04-26T05:56:06","guid":{"rendered":"https:\/\/agora.xtec.cat\/escolacharlesdarwin\/?p=25590"},"modified":"2023-04-26T08:05:01","modified_gmt":"2023-04-26T06:05:01","slug":"un-sant-jordi-dallo-mes-especial","status":"publish","type":"post","link":"https:\/\/agora.xtec.cat\/escolacharlesdarwin\/general\/un-sant-jordi-dallo-mes-especial\/","title":{"rendered":"Un Sant Jordi d&#8217;all\u00f2 m\u00e9s especial"},"content":{"rendered":"<p>&nbsp;<\/p>\n<p>Benvolgudes fam\u00edlies,<\/p>\n<p>El passat divendres 21 d&#8217;abril vam celebrar a l&#8217;escola el dia de Sant Jordi i va esdevenir una jornada molt especial, plena de sorpreses i moments bonics.<\/p>\n<p>Vam iniciar el nostre dia compartint una lectura amb els m\u00e9s petits, concretament amb els nens i les nenes d&#8217;I5. Per fer-ho vam crear parelles lectores per tal de gaudir d&#8217;una estona de lectura en aquest dia tan literari. Concretament, vam llegir el llibre dels M\u00fasics de Bremen, un conte, ja treballat pels m\u00e9s petits i dels quals tamb\u00e9 pod\u00edem aprendre molt. Un cop vam acabar, vam tenir l&#8217;oportunitat de remenar altres contes de la biblioteca d&#8217;Infantil. Va ser una experi\u00e8ncia molt satisfact\u00f2ria i ens vam poder sentir nens i nenes grans disposats\/des a ensenyar coses als m\u00e9s petits, per\u00f2 tamb\u00e9 oberts a aprendre d&#8217;ells i elles.<\/p>\n<p>Per continuar, vam celebrar un acte com\u00fa al pati per tal d&#8217;atorgar els premis dels Jocs Florals. No tothom va poder guanyar, per\u00f2 si vam tenir l&#8217;oportunitat de participar i aprendre nous aspectes literaris. A banda, tamb\u00e9 vam poder gaudir d&#8217;unes danses que ens van ensenyar els alumnes de 6\u00e8 i els gegants de l&#8217;escola. Va ser una estona divertida i alguns de nosaltres ens vam animar a fer les nostres pr\u00f2pies danses i a ballar la sardana del Prat.<\/p>\n<p>Per \u00faltim, vam dedicar la tarda a fer dos tallers manuals; un d&#8217;ells era la creaci\u00f3 d&#8217;un drac en forma de &#8220;comecocos&#8221;, van sortir dracs ben diferents, ja que cadasc\u00fa li posava els seus detalls per fer-lo especial, l&#8217;altre taller, va ser la creaci\u00f3 d&#8217;un punt de llibre en forma de rosa. Ens van quedar unes roses precioses i a m\u00e9s, molt \u00fatils per a utilitzar-les amb els llibres que llegim.<\/p>\n<p>Sant Jordi sempre esdev\u00e9 un dia per recordar, un dia per valorar la literatura i estimar-nos tot fent-nos regals i compartint moments especials.<\/p>\n<p>A continuaci\u00f3, us deixem unes <a href=\"https:\/\/photos.app.goo.gl\/WEJiiEiy7sY2Acy88\">fotografies<\/a> de la celebraci\u00f3 de Sant Jordi. Esperem que us agradin.<\/p>\n<p>Gr\u00e0cies per llegir-nos!<\/p>\n<p>&nbsp;<\/p>\n<p>Els i les alumnes de 4t<\/p>\n<p>&nbsp;<\/p>\n","protected":false},"excerpt":{"rendered":"<p>&nbsp; Benvolgudes fam\u00edlies, El passat divendres 21 d&#8217;abril vam celebrar a l&#8217;escola el dia de Sant Jordi i va esdevenir [&hellip;]<\/p>\n","protected":false},"author":71,"featured_media":0,"comment_status":"open","ping_status":"closed","sticky":false,"template":"","format":"standard","meta":{"site-sidebar-layout":"default","site-content-layout":"","ast-site-content-layout":"","site-content-style":"default","site-sidebar-style":"default","ast-global-header-display":"","ast-banner-title-visibility":"","ast-main-header-display":"","ast-hfb-above-header-display":"","ast-hfb-below-header-display":"","ast-hfb-mobile-header-display":"","site-post-title":"","ast-breadcrumbs-content":"","ast-featured-img":"","footer-sml-layout":"","theme-transparent-header-meta":"","adv-header-id-meta":"","stick-header-meta":"","header-above-stick-meta":"","header-main-stick-meta":"","header-below-stick-meta":"","astra-migrate-meta-layouts":"default","ast-page-background-enabled":"default","ast-page-background-meta":{"desktop":{"background-color":"var(--ast-global-color-4)","background-image":"","background-repeat":"repeat","background-position":"center center","background-size":"auto","background-attachment":"scroll","background-type":"","background-media":"","overlay-type":"","overlay-color":"","overlay-opacity":"","overlay-gradient":""},"tablet":{"background-color":"","background-image":"","background-repeat":"repeat","background-position":"center center","background-size":"auto","background-attachment":"scroll","background-type":"","background-media":"","overlay-type":"","overlay-color":"","overlay-opacity":"","overlay-gradient":""},"mobile":{"background-color":"","background-image":"","background-repeat":"repeat","background-position":"center center","background-size":"auto","background-attachment":"scroll","background-type":"","background-media":"","overlay-type":"","overlay-color":"","overlay-opacity":"","overlay-gradient":""}},"ast-content-background-meta":{"desktop":{"background-color":"var(--ast-global-color-5)","background-image":"","background-repeat":"repeat","background-position":"center center","background-size":"auto","background-attachment":"scroll","background-type":"","background-media":"","overlay-type":"","overlay-color":"","overlay-opacity":"","overlay-gradient":""},"tablet":{"background-color":"var(--ast-global-color-5)","background-image":"","background-repeat":"repeat","background-position":"center center","background-size":"auto","background-attachment":"scroll","background-type":"","background-media":"","overlay-type":"","overlay-color":"","overlay-opacity":"","overlay-gradient":""},"mobile":{"background-color":"var(--ast-global-color-5)","background-image":"","background-repeat":"repeat","background-position":"center center","background-size":"auto","background-attachment":"scroll","background-type":"","background-media":"","overlay-type":"","overlay-color":"","overlay-opacity":"","overlay-gradient":""}},"footnotes":""},"categories":[1],"tags":[],"class_list":["post-25590","post","type-post","status-publish","format-standard","hentry","category-general"],"post_mailing_queue_ids":[],"_links":{"self":[{"href":"https:\/\/agora.xtec.cat\/escolacharlesdarwin\/wp-json\/wp\/v2\/posts\/25590","targetHints":{"allow":["GET"]}}],"collection":[{"href":"https:\/\/agora.xtec.cat\/escolacharlesdarwin\/wp-json\/wp\/v2\/posts"}],"about":[{"href":"https:\/\/agora.xtec.cat\/escolacharlesdarwin\/wp-json\/wp\/v2\/types\/post"}],"author":[{"embeddable":true,"href":"https:\/\/agora.xtec.cat\/escolacharlesdarwin\/wp-json\/wp\/v2\/users\/71"}],"replies":[{"embeddable":true,"href":"https:\/\/agora.xtec.cat\/escolacharlesdarwin\/wp-json\/wp\/v2\/comments?post=25590"}],"version-history":[{"count":2,"href":"https:\/\/agora.xtec.cat\/escolacharlesdarwin\/wp-json\/wp\/v2\/posts\/25590\/revisions"}],"predecessor-version":[{"id":25597,"href":"https:\/\/agora.xtec.cat\/escolacharlesdarwin\/wp-json\/wp\/v2\/posts\/25590\/revisions\/25597"}],"wp:attachment":[{"href":"https:\/\/agora.xtec.cat\/escolacharlesdarwin\/wp-json\/wp\/v2\/media?parent=25590"}],"wp:term":[{"taxonomy":"category","embeddable":true,"href":"https:\/\/agora.xtec.cat\/escolacharlesdarwin\/wp-json\/wp\/v2\/categories?post=25590"},{"taxonomy":"post_tag","embeddable":true,"href":"https:\/\/agora.xtec.cat\/escolacharlesdarwin\/wp-json\/wp\/v2\/tags?post=25590"}],"curies":[{"name":"wp","href":"https:\/\/api.w.org\/{rel}","templated":true}]}}