{"id":25562,"date":"2023-04-18T20:03:23","date_gmt":"2023-04-18T18:03:23","guid":{"rendered":"https:\/\/agora.xtec.cat\/escolacharlesdarwin\/?p=25562"},"modified":"2023-04-18T20:03:23","modified_gmt":"2023-04-18T18:03:23","slug":"barcelona-city-of-dragons-2","status":"publish","type":"post","link":"https:\/\/agora.xtec.cat\/escolacharlesdarwin\/general\/barcelona-city-of-dragons-2\/","title":{"rendered":"Barcelona city of dragons"},"content":{"rendered":"<p>&nbsp;<\/p>\n<p><a href=\"https:\/\/agora.xtec.cat\/escolacharlesdarwin\/wp-content\/uploads\/usu160\/2023\/04\/IMG-20230331-WA0051.jpg\"><img loading=\"lazy\" decoding=\"async\" class=\"aligncenter size-medium wp-image-25563\" src=\"https:\/\/agora.xtec.cat\/escolacharlesdarwin\/wp-content\/uploads\/usu160\/2023\/04\/IMG-20230331-WA0051-300x169.jpg\" alt=\"\" width=\"300\" height=\"169\" srcset=\"https:\/\/agora.xtec.cat\/escolacharlesdarwin\/wp-content\/uploads\/usu160\/2023\/04\/IMG-20230331-WA0051-300x169.jpg 300w, https:\/\/agora.xtec.cat\/escolacharlesdarwin\/wp-content\/uploads\/usu160\/2023\/04\/IMG-20230331-WA0051-1024x575.jpg 1024w, https:\/\/agora.xtec.cat\/escolacharlesdarwin\/wp-content\/uploads\/usu160\/2023\/04\/IMG-20230331-WA0051-768x432.jpg 768w, https:\/\/agora.xtec.cat\/escolacharlesdarwin\/wp-content\/uploads\/usu160\/2023\/04\/IMG-20230331-WA0051-1536x863.jpg 1536w, https:\/\/agora.xtec.cat\/escolacharlesdarwin\/wp-content\/uploads\/usu160\/2023\/04\/IMG-20230331-WA0051.jpg 1600w\" sizes=\"auto, (max-width: 300px) 100vw, 300px\" \/><\/a><\/p>\n<p>&nbsp;<\/p>\n<p><span style=\"font-weight: 400\">El dimecres<\/span> <span style=\"font-weight: 400\">29 de mar\u00e7 les 9:30 del mat\u00ed, vam anar a una sortida de Barcelona. Ens van convocar a les 8:30 a l&#8217;estaci\u00f3<\/span> <span style=\"font-weight: 400\">del prat, per\u00f2<\/span> <span style=\"font-weight: 400\">com que anaven<\/span> <span style=\"font-weight: 400\">els 3 sises<\/span> <span style=\"font-weight: 400\">i he-rem<\/span> <span style=\"font-weight: 400\">molta gent vam tardar una mica m\u00e9s<\/span> <span style=\"font-weight: 400\">en sortir. N&#8217;hi havia<\/span> <span style=\"font-weight: 400\">nois que portaven la T mobilitat<\/span> <span style=\"font-weight: 400\">i uns altres<\/span> <span style=\"font-weight: 400\">la T16.<\/span><span style=\"font-weight: 400\"><br \/>\n<\/span> <span style=\"font-weight: 400\">De cam\u00ed<\/span> <span style=\"font-weight: 400\">a Barcelona est\u00e0vem<\/span> <span style=\"font-weight: 400\">tots molt contents i amb nervis. N\u2019hi havia 30 minuts aprox.<\/span><span style=\"font-weight: 400\"><br \/>\n<\/span><\/p>\n<p><span style=\"font-weight: 400\">Quan vam arribar a l&#8217;estaci\u00f3 de Barcelona, vam anar al lavabo i despr\u00e9s a un punt de trobada amb la gent de l\u2019activitat, vam fer una rutgana on ens explicaven en que consisteix aquesta activitat, quan l&#8217;hi havia passat una estona vam fer activitats relacionades amb els dragons, com per exemple amb una fotografia d\u2019un drago contar les ungles que te,i ens anaven explicant les seves caracter\u00edstiques i d\u2019on eren.Aquesta activitat era a angl\u00e8s.<\/span><\/p>\n<p><span style=\"font-weight: 400\">Ens van separar per grups i despr\u00e9s ens van explicar el que an\u00e0vem a fer.<\/span><\/p>\n<p><span style=\"font-weight: 400\">Vam agafar les motxilles i vam anar a buscar per tota Barcelona dracs, va estar molt entretingut i ens ho vam passar molt b\u00e9!<\/span><\/p>\n<p><span style=\"font-weight: 400\">A l&#8217;acabar l&#8217;activitat, vam anar a un parc a dinar. Quan vam arribar, ens vam posar en rotgana tots i una mestra ens va fer cantar una can\u00e7\u00f3 que sempre cantem quan anem d&#8217;excursi\u00f3. En aquell parc hi havia molta gent, nosaltres vam acabar de dinar i vam anar a jugar pel parc, hi havia un tur\u00f3 i molta gent es va llen\u00e7ar pel tur\u00f3.<\/span><\/p>\n<p><span style=\"font-weight: 400\">Fins aqu\u00ed la nostra sortida al &#8220;Barcelona City of dragons&#8221;.<\/span><\/p>\n<p>Aqu\u00ed us deixem un recull d&#8217;<a href=\"https:\/\/photos.app.goo.gl\/EesxTDGieKPdAxCo6\">imatges<\/a> de la sortida.<\/p>\n<p><span style=\"font-weight: 400\">Moltes gr\u00e0cies a les mestres per fer-nos l&#8217;activitat, ens va agradar molt!!<\/span><\/p>\n<p><span style=\"font-weight: 400\">Fins aviat!!<\/span><\/p>\n<p><br style=\"font-weight: 400\" \/>Martina i Abril<\/p>\n","protected":false},"excerpt":{"rendered":"<p>&nbsp; &nbsp; El dimecres 29 de mar\u00e7 les 9:30 del mat\u00ed, vam anar a una sortida de Barcelona. Ens van [&hellip;]<\/p>\n","protected":false},"author":18,"featured_media":25563,"comment_status":"open","ping_status":"closed","sticky":false,"template":"","format":"standard","meta":{"site-sidebar-layout":"default","site-content-layout":"","ast-site-content-layout":"","site-content-style":"default","site-sidebar-style":"default","ast-global-header-display":"","ast-banner-title-visibility":"","ast-main-header-display":"","ast-hfb-above-header-display":"","ast-hfb-below-header-display":"","ast-hfb-mobile-header-display":"","site-post-title":"","ast-breadcrumbs-content":"","ast-featured-img":"","footer-sml-layout":"","theme-transparent-header-meta":"","adv-header-id-meta":"","stick-header-meta":"","header-above-stick-meta":"","header-main-stick-meta":"","header-below-stick-meta":"","astra-migrate-meta-layouts":"default","ast-page-background-enabled":"default","ast-page-background-meta":{"desktop":{"background-color":"var(--ast-global-color-4)","background-image":"","background-repeat":"repeat","background-position":"center center","background-size":"auto","background-attachment":"scroll","background-type":"","background-media":"","overlay-type":"","overlay-color":"","overlay-opacity":"","overlay-gradient":""},"tablet":{"background-color":"","background-image":"","background-repeat":"repeat","background-position":"center center","background-size":"auto","background-attachment":"scroll","background-type":"","background-media":"","overlay-type":"","overlay-color":"","overlay-opacity":"","overlay-gradient":""},"mobile":{"background-color":"","background-image":"","background-repeat":"repeat","background-position":"center center","background-size":"auto","background-attachment":"scroll","background-type":"","background-media":"","overlay-type":"","overlay-color":"","overlay-opacity":"","overlay-gradient":""}},"ast-content-background-meta":{"desktop":{"background-color":"var(--ast-global-color-5)","background-image":"","background-repeat":"repeat","background-position":"center center","background-size":"auto","background-attachment":"scroll","background-type":"","background-media":"","overlay-type":"","overlay-color":"","overlay-opacity":"","overlay-gradient":""},"tablet":{"background-color":"var(--ast-global-color-5)","background-image":"","background-repeat":"repeat","background-position":"center center","background-size":"auto","background-attachment":"scroll","background-type":"","background-media":"","overlay-type":"","overlay-color":"","overlay-opacity":"","overlay-gradient":""},"mobile":{"background-color":"var(--ast-global-color-5)","background-image":"","background-repeat":"repeat","background-position":"center center","background-size":"auto","background-attachment":"scroll","background-type":"","background-media":"","overlay-type":"","overlay-color":"","overlay-opacity":"","overlay-gradient":""}},"footnotes":""},"categories":[1],"tags":[],"class_list":["post-25562","post","type-post","status-publish","format-standard","has-post-thumbnail","hentry","category-general"],"post_mailing_queue_ids":[],"_links":{"self":[{"href":"https:\/\/agora.xtec.cat\/escolacharlesdarwin\/wp-json\/wp\/v2\/posts\/25562","targetHints":{"allow":["GET"]}}],"collection":[{"href":"https:\/\/agora.xtec.cat\/escolacharlesdarwin\/wp-json\/wp\/v2\/posts"}],"about":[{"href":"https:\/\/agora.xtec.cat\/escolacharlesdarwin\/wp-json\/wp\/v2\/types\/post"}],"author":[{"embeddable":true,"href":"https:\/\/agora.xtec.cat\/escolacharlesdarwin\/wp-json\/wp\/v2\/users\/18"}],"replies":[{"embeddable":true,"href":"https:\/\/agora.xtec.cat\/escolacharlesdarwin\/wp-json\/wp\/v2\/comments?post=25562"}],"version-history":[{"count":1,"href":"https:\/\/agora.xtec.cat\/escolacharlesdarwin\/wp-json\/wp\/v2\/posts\/25562\/revisions"}],"predecessor-version":[{"id":25564,"href":"https:\/\/agora.xtec.cat\/escolacharlesdarwin\/wp-json\/wp\/v2\/posts\/25562\/revisions\/25564"}],"wp:featuredmedia":[{"embeddable":true,"href":"https:\/\/agora.xtec.cat\/escolacharlesdarwin\/wp-json\/wp\/v2\/media\/25563"}],"wp:attachment":[{"href":"https:\/\/agora.xtec.cat\/escolacharlesdarwin\/wp-json\/wp\/v2\/media?parent=25562"}],"wp:term":[{"taxonomy":"category","embeddable":true,"href":"https:\/\/agora.xtec.cat\/escolacharlesdarwin\/wp-json\/wp\/v2\/categories?post=25562"},{"taxonomy":"post_tag","embeddable":true,"href":"https:\/\/agora.xtec.cat\/escolacharlesdarwin\/wp-json\/wp\/v2\/tags?post=25562"}],"curies":[{"name":"wp","href":"https:\/\/api.w.org\/{rel}","templated":true}]}}