{"id":25222,"date":"2023-03-10T19:54:01","date_gmt":"2023-03-10T18:54:01","guid":{"rendered":"https:\/\/agora.xtec.cat\/escolacharlesdarwin\/?p=25222"},"modified":"2023-03-10T19:56:04","modified_gmt":"2023-03-10T18:56:04","slug":"visita-a-la-fabrica-de-cacaolat","status":"publish","type":"post","link":"https:\/\/agora.xtec.cat\/escolacharlesdarwin\/general\/visita-a-la-fabrica-de-cacaolat\/","title":{"rendered":"VISITA A LA F\u00c0BRICA DE CACAOLAT"},"content":{"rendered":"<p>Els nens i nenes de 3r hem visitat la f\u00e0brica de Cacaolat (Sant Coloma de Gramenet) on hem conegut la hist\u00f2ria de Cacaolat i d\u2019on va sorgir la idea de fer un batut. Tamb\u00e9 hem apr\u00e8s d\u2019on obtenen les primeres mat\u00e8ries: el cacau i la llet. Tot seguit hem vist les instal\u00b7lacions i el proc\u00e9s d\u2019embotellament. Finalment, hem fet un tastet d&#8217;aquest popular batut i ens han donat un petit obsequi!<\/p>\n<p>Un cop acabada la visita, hem dinat i jugat al parc de Can Zam on hem gaudit d&#8217;un dia fant\u00e0stic! Ha estat una visita molt interessant!<\/p>\n<div class=\"separator\"><a href=\"https:\/\/photos.app.goo.gl\/K2SBh2J4YjS3xAzn7\"><img loading=\"lazy\" decoding=\"async\" class=\"alignnone size-large wp-image-25223\" src=\"https:\/\/agora.xtec.cat\/escolacharlesdarwin\/wp-content\/uploads\/usu160\/2023\/03\/comprimida-1024x768.jpg\" alt=\"\" width=\"1024\" height=\"768\" srcset=\"https:\/\/agora.xtec.cat\/escolacharlesdarwin\/wp-content\/uploads\/usu160\/2023\/03\/comprimida-1024x768.jpg 1024w, https:\/\/agora.xtec.cat\/escolacharlesdarwin\/wp-content\/uploads\/usu160\/2023\/03\/comprimida-300x225.jpg 300w, https:\/\/agora.xtec.cat\/escolacharlesdarwin\/wp-content\/uploads\/usu160\/2023\/03\/comprimida-768x576.jpg 768w, https:\/\/agora.xtec.cat\/escolacharlesdarwin\/wp-content\/uploads\/usu160\/2023\/03\/comprimida-1536x1152.jpg 1536w, https:\/\/agora.xtec.cat\/escolacharlesdarwin\/wp-content\/uploads\/usu160\/2023\/03\/comprimida-2048x1536.jpg 2048w, https:\/\/agora.xtec.cat\/escolacharlesdarwin\/wp-content\/uploads\/usu160\/2023\/03\/comprimida-200x150.jpg 200w\" sizes=\"auto, (max-width: 1024px) 100vw, 1024px\" \/><\/a><\/div>\n","protected":false},"excerpt":{"rendered":"<p>Els nens i nenes de 3r hem visitat la f\u00e0brica de Cacaolat (Sant Coloma de Gramenet) on hem conegut la [&hellip;]<\/p>\n","protected":false},"author":1,"featured_media":25223,"comment_status":"open","ping_status":"closed","sticky":false,"template":"","format":"standard","meta":{"site-sidebar-layout":"default","site-content-layout":"","ast-site-content-layout":"","site-content-style":"default","site-sidebar-style":"default","ast-global-header-display":"","ast-banner-title-visibility":"","ast-main-header-display":"","ast-hfb-above-header-display":"","ast-hfb-below-header-display":"","ast-hfb-mobile-header-display":"","site-post-title":"","ast-breadcrumbs-content":"","ast-featured-img":"","footer-sml-layout":"","theme-transparent-header-meta":"","adv-header-id-meta":"","stick-header-meta":"","header-above-stick-meta":"","header-main-stick-meta":"","header-below-stick-meta":"","astra-migrate-meta-layouts":"default","ast-page-background-enabled":"default","ast-page-background-meta":{"desktop":{"background-color":"var(--ast-global-color-4)","background-image":"","background-repeat":"repeat","background-position":"center center","background-size":"auto","background-attachment":"scroll","background-type":"","background-media":"","overlay-type":"","overlay-color":"","overlay-opacity":"","overlay-gradient":""},"tablet":{"background-color":"","background-image":"","background-repeat":"repeat","background-position":"center center","background-size":"auto","background-attachment":"scroll","background-type":"","background-media":"","overlay-type":"","overlay-color":"","overlay-opacity":"","overlay-gradient":""},"mobile":{"background-color":"","background-image":"","background-repeat":"repeat","background-position":"center center","background-size":"auto","background-attachment":"scroll","background-type":"","background-media":"","overlay-type":"","overlay-color":"","overlay-opacity":"","overlay-gradient":""}},"ast-content-background-meta":{"desktop":{"background-color":"var(--ast-global-color-5)","background-image":"","background-repeat":"repeat","background-position":"center center","background-size":"auto","background-attachment":"scroll","background-type":"","background-media":"","overlay-type":"","overlay-color":"","overlay-opacity":"","overlay-gradient":""},"tablet":{"background-color":"var(--ast-global-color-5)","background-image":"","background-repeat":"repeat","background-position":"center center","background-size":"auto","background-attachment":"scroll","background-type":"","background-media":"","overlay-type":"","overlay-color":"","overlay-opacity":"","overlay-gradient":""},"mobile":{"background-color":"var(--ast-global-color-5)","background-image":"","background-repeat":"repeat","background-position":"center center","background-size":"auto","background-attachment":"scroll","background-type":"","background-media":"","overlay-type":"","overlay-color":"","overlay-opacity":"","overlay-gradient":""}},"footnotes":""},"categories":[1],"tags":[],"class_list":["post-25222","post","type-post","status-publish","format-standard","has-post-thumbnail","hentry","category-general"],"post_mailing_queue_ids":[],"_links":{"self":[{"href":"https:\/\/agora.xtec.cat\/escolacharlesdarwin\/wp-json\/wp\/v2\/posts\/25222","targetHints":{"allow":["GET"]}}],"collection":[{"href":"https:\/\/agora.xtec.cat\/escolacharlesdarwin\/wp-json\/wp\/v2\/posts"}],"about":[{"href":"https:\/\/agora.xtec.cat\/escolacharlesdarwin\/wp-json\/wp\/v2\/types\/post"}],"author":[{"embeddable":true,"href":"https:\/\/agora.xtec.cat\/escolacharlesdarwin\/wp-json\/wp\/v2\/users\/1"}],"replies":[{"embeddable":true,"href":"https:\/\/agora.xtec.cat\/escolacharlesdarwin\/wp-json\/wp\/v2\/comments?post=25222"}],"version-history":[{"count":2,"href":"https:\/\/agora.xtec.cat\/escolacharlesdarwin\/wp-json\/wp\/v2\/posts\/25222\/revisions"}],"predecessor-version":[{"id":25225,"href":"https:\/\/agora.xtec.cat\/escolacharlesdarwin\/wp-json\/wp\/v2\/posts\/25222\/revisions\/25225"}],"wp:featuredmedia":[{"embeddable":true,"href":"https:\/\/agora.xtec.cat\/escolacharlesdarwin\/wp-json\/wp\/v2\/media\/25223"}],"wp:attachment":[{"href":"https:\/\/agora.xtec.cat\/escolacharlesdarwin\/wp-json\/wp\/v2\/media?parent=25222"}],"wp:term":[{"taxonomy":"category","embeddable":true,"href":"https:\/\/agora.xtec.cat\/escolacharlesdarwin\/wp-json\/wp\/v2\/categories?post=25222"},{"taxonomy":"post_tag","embeddable":true,"href":"https:\/\/agora.xtec.cat\/escolacharlesdarwin\/wp-json\/wp\/v2\/tags?post=25222"}],"curies":[{"name":"wp","href":"https:\/\/api.w.org\/{rel}","templated":true}]}}