{"id":24116,"date":"2022-11-28T13:25:16","date_gmt":"2022-11-28T12:25:16","guid":{"rendered":"https:\/\/agora.xtec.cat\/escolacharlesdarwin\/?p=24116"},"modified":"2022-11-28T13:25:16","modified_gmt":"2022-11-28T12:25:16","slug":"25n-dia-de-leliminacio-de-la-violencia-contra-les-dones","status":"publish","type":"post","link":"https:\/\/agora.xtec.cat\/escolacharlesdarwin\/general\/25n-dia-de-leliminacio-de-la-violencia-contra-les-dones\/","title":{"rendered":"25N DIA DE L&#8217;ELIMINACI\u00d3 DE LA VIOL\u00c8NCIA CONTRA LES DONES"},"content":{"rendered":"<p>El <em>Dia Internacional de l\u2019Eliminaci\u00f3 de la Viol\u00e8ncia contra la Dona<\/em> es celebra anualment per denunciar la viol\u00e8ncia que s\u2019exerceix contra les dones en tot el m\u00f3n i reclamar pol\u00edtiques en tots els pa\u00efsos per a la seva erradicaci\u00f3.<\/p>\n<p>Aix\u00ed doncs, al ser un dia tan important, no pod\u00edem deixar-lo de celebrar i ho vam fer acompanyats de la To\u00f1i (mare del V\u00edctor Mart\u00edn) i del Juanjo (pare del Mario). El dia va estar carregat d\u2019activitats per conscienciar sobre la import\u00e0ncia d\u2019aquest tema com, per exemple, el fet de descobrir l\u2019origen del color lila que representa el feminisme, reflexionar sobre situacions i contes tradicionals per educar sense sexismes i, per acabar, confeccionar el s\u00edmbol que millor representa la jornada: un gran lla\u00e7 lila que vam pintar amb les mans i el qual vam lluir per la tarda al pati per reivindicar un cop m\u00e9s un m\u00f3n lliure de viol\u00e8ncia envers les dones.<\/p>\n<p style=\"text-align: center\"><a href=\"https:\/\/photos.app.goo.gl\/HtGRAdpoPSFNRFGm7\"><img loading=\"lazy\" decoding=\"async\" class=\"alignnone size-full wp-image-24091\" src=\"https:\/\/agora.xtec.cat\/escolacharlesdarwin\/wp-content\/uploads\/usu160\/2022\/11\/download-e1669411352204.jpg\" alt=\"\" width=\"175\" height=\"175\" \/><\/a><\/p>\n","protected":false},"excerpt":{"rendered":"<p>El Dia Internacional de l\u2019Eliminaci\u00f3 de la Viol\u00e8ncia contra la Dona es celebra anualment per denunciar la viol\u00e8ncia que s\u2019exerceix [&hellip;]<\/p>\n","protected":false},"author":1,"featured_media":24091,"comment_status":"closed","ping_status":"closed","sticky":false,"template":"","format":"standard","meta":{"site-sidebar-layout":"default","site-content-layout":"","ast-site-content-layout":"","site-content-style":"default","site-sidebar-style":"default","ast-global-header-display":"","ast-banner-title-visibility":"","ast-main-header-display":"","ast-hfb-above-header-display":"","ast-hfb-below-header-display":"","ast-hfb-mobile-header-display":"","site-post-title":"","ast-breadcrumbs-content":"","ast-featured-img":"","footer-sml-layout":"","theme-transparent-header-meta":"","adv-header-id-meta":"","stick-header-meta":"","header-above-stick-meta":"","header-main-stick-meta":"","header-below-stick-meta":"","astra-migrate-meta-layouts":"default","ast-page-background-enabled":"default","ast-page-background-meta":{"desktop":{"background-color":"var(--ast-global-color-4)","background-image":"","background-repeat":"repeat","background-position":"center center","background-size":"auto","background-attachment":"scroll","background-type":"","background-media":"","overlay-type":"","overlay-color":"","overlay-opacity":"","overlay-gradient":""},"tablet":{"background-color":"","background-image":"","background-repeat":"repeat","background-position":"center center","background-size":"auto","background-attachment":"scroll","background-type":"","background-media":"","overlay-type":"","overlay-color":"","overlay-opacity":"","overlay-gradient":""},"mobile":{"background-color":"","background-image":"","background-repeat":"repeat","background-position":"center center","background-size":"auto","background-attachment":"scroll","background-type":"","background-media":"","overlay-type":"","overlay-color":"","overlay-opacity":"","overlay-gradient":""}},"ast-content-background-meta":{"desktop":{"background-color":"var(--ast-global-color-5)","background-image":"","background-repeat":"repeat","background-position":"center center","background-size":"auto","background-attachment":"scroll","background-type":"","background-media":"","overlay-type":"","overlay-color":"","overlay-opacity":"","overlay-gradient":""},"tablet":{"background-color":"var(--ast-global-color-5)","background-image":"","background-repeat":"repeat","background-position":"center center","background-size":"auto","background-attachment":"scroll","background-type":"","background-media":"","overlay-type":"","overlay-color":"","overlay-opacity":"","overlay-gradient":""},"mobile":{"background-color":"var(--ast-global-color-5)","background-image":"","background-repeat":"repeat","background-position":"center center","background-size":"auto","background-attachment":"scroll","background-type":"","background-media":"","overlay-type":"","overlay-color":"","overlay-opacity":"","overlay-gradient":""}},"footnotes":""},"categories":[1],"tags":[],"class_list":["post-24116","post","type-post","status-publish","format-standard","has-post-thumbnail","hentry","category-general"],"post_mailing_queue_ids":[],"_links":{"self":[{"href":"https:\/\/agora.xtec.cat\/escolacharlesdarwin\/wp-json\/wp\/v2\/posts\/24116","targetHints":{"allow":["GET"]}}],"collection":[{"href":"https:\/\/agora.xtec.cat\/escolacharlesdarwin\/wp-json\/wp\/v2\/posts"}],"about":[{"href":"https:\/\/agora.xtec.cat\/escolacharlesdarwin\/wp-json\/wp\/v2\/types\/post"}],"author":[{"embeddable":true,"href":"https:\/\/agora.xtec.cat\/escolacharlesdarwin\/wp-json\/wp\/v2\/users\/1"}],"replies":[{"embeddable":true,"href":"https:\/\/agora.xtec.cat\/escolacharlesdarwin\/wp-json\/wp\/v2\/comments?post=24116"}],"version-history":[{"count":3,"href":"https:\/\/agora.xtec.cat\/escolacharlesdarwin\/wp-json\/wp\/v2\/posts\/24116\/revisions"}],"predecessor-version":[{"id":24121,"href":"https:\/\/agora.xtec.cat\/escolacharlesdarwin\/wp-json\/wp\/v2\/posts\/24116\/revisions\/24121"}],"wp:featuredmedia":[{"embeddable":true,"href":"https:\/\/agora.xtec.cat\/escolacharlesdarwin\/wp-json\/wp\/v2\/media\/24091"}],"wp:attachment":[{"href":"https:\/\/agora.xtec.cat\/escolacharlesdarwin\/wp-json\/wp\/v2\/media?parent=24116"}],"wp:term":[{"taxonomy":"category","embeddable":true,"href":"https:\/\/agora.xtec.cat\/escolacharlesdarwin\/wp-json\/wp\/v2\/categories?post=24116"},{"taxonomy":"post_tag","embeddable":true,"href":"https:\/\/agora.xtec.cat\/escolacharlesdarwin\/wp-json\/wp\/v2\/tags?post=24116"}],"curies":[{"name":"wp","href":"https:\/\/api.w.org\/{rel}","templated":true}]}}