{"id":21766,"date":"2022-01-13T14:59:19","date_gmt":"2022-01-13T13:59:19","guid":{"rendered":"https:\/\/agora.xtec.cat\/escolacharlesdarwin\/?p=21766"},"modified":"2022-03-16T16:57:27","modified_gmt":"2022-03-16T15:57:27","slug":"nadal-amb-els-guardians-i-les-guardianes-de-6ea","status":"publish","type":"post","link":"https:\/\/agora.xtec.cat\/escolacharlesdarwin\/general\/nadal-amb-els-guardians-i-les-guardianes-de-6ea\/","title":{"rendered":"Nadal amb els guardians i les guardianes de 6\u00e8A"},"content":{"rendered":"<h1 style=\"text-align: center\"><span style=\"text-decoration: underline\">Un Nadal fant\u00e0stic<\/span><\/h1>\n<p>Hola a tothom,<\/p>\n<p>S\u00f3c Amaia Guill\u00e9n de 6\u00e8 A i us vaig a explicar el que vam fer durant el mes de desembre.<\/p>\n<p>El dia 30\u00a0 de novembre el nostre tutor Ricard ens va dir que far\u00edem el calendari d&#8217;advent durant tots els dies que anir\u00edem a l&#8217;escola en el mes de desembre.<a href=\"https:\/\/agora.xtec.cat\/escolacharlesdarwin\/wp-content\/uploads\/usu160\/2022\/02\/1641737479478-scaled.jpg\"><img loading=\"lazy\" decoding=\"async\" class=\"size-medium wp-image-21767 aligncenter\" src=\"https:\/\/agora.xtec.cat\/escolacharlesdarwin\/wp-content\/uploads\/usu160\/2022\/02\/1641737479478-300x169.jpg\" alt=\"\" width=\"300\" height=\"169\" srcset=\"https:\/\/agora.xtec.cat\/escolacharlesdarwin\/wp-content\/uploads\/usu160\/2022\/02\/1641737479478-300x169.jpg 300w, https:\/\/agora.xtec.cat\/escolacharlesdarwin\/wp-content\/uploads\/usu160\/2022\/02\/1641737479478-1024x576.jpg 1024w, https:\/\/agora.xtec.cat\/escolacharlesdarwin\/wp-content\/uploads\/usu160\/2022\/02\/1641737479478-768x432.jpg 768w, https:\/\/agora.xtec.cat\/escolacharlesdarwin\/wp-content\/uploads\/usu160\/2022\/02\/1641737479478-1536x864.jpg 1536w, https:\/\/agora.xtec.cat\/escolacharlesdarwin\/wp-content\/uploads\/usu160\/2022\/02\/1641737479478-2048x1152.jpg 2048w\" sizes=\"auto, (max-width: 300px) 100vw, 300px\" \/><\/a><\/p>\n<p>El dia 1 deia: escriu en un post-it una emoci\u00f3 o sentiment que et desperten les vacances (alegria,<br \/>\nregals&#8230;).<\/p>\n<p><a href=\"https:\/\/agora.xtec.cat\/escolacharlesdarwin\/wp-content\/uploads\/usu160\/2022\/02\/1641751116224-scaled.jpg\"><img loading=\"lazy\" decoding=\"async\" class=\"wp-image-21768 size-medium aligncenter\" src=\"https:\/\/agora.xtec.cat\/escolacharlesdarwin\/wp-content\/uploads\/usu160\/2022\/02\/1641751116224-scaled-e1645273567453-300x204.jpg\" alt=\"\" width=\"300\" height=\"204\" srcset=\"https:\/\/agora.xtec.cat\/escolacharlesdarwin\/wp-content\/uploads\/usu160\/2022\/02\/1641751116224-scaled-e1645273567453-300x204.jpg 300w, https:\/\/agora.xtec.cat\/escolacharlesdarwin\/wp-content\/uploads\/usu160\/2022\/02\/1641751116224-scaled-e1645273567453-1024x697.jpg 1024w, https:\/\/agora.xtec.cat\/escolacharlesdarwin\/wp-content\/uploads\/usu160\/2022\/02\/1641751116224-scaled-e1645273567453-768x523.jpg 768w, https:\/\/agora.xtec.cat\/escolacharlesdarwin\/wp-content\/uploads\/usu160\/2022\/02\/1641751116224-scaled-e1645273567453-1536x1045.jpg 1536w, https:\/\/agora.xtec.cat\/escolacharlesdarwin\/wp-content\/uploads\/usu160\/2022\/02\/1641751116224-scaled-e1645273567453.jpg 1740w\" sizes=\"auto, (max-width: 300px) 100vw, 300px\" \/><\/a><br \/>\nEl dia 2: Comparteix un moment de felicitat amb els companys.<br \/>\nEl dia 3: Ens posem el lloc de l&#8217;altre!!! Canvieu-vos les sabates amb un company de la classe.<\/p>\n<p>Els dies 4,5,6,7,8 era festa, aleshores no vam tenir classe.<\/p>\n<p>El dia 9: Comparteix un moment en qu\u00e8 hagis tingut por.<br \/>\nEl dia 10: Treballa en equip!!! Canviar la lletra d&#8217;una nadala. Aquell dia tamb\u00e9 vam fer el sorteig de l&#8217;amic invisible.<\/p>\n<p>Els dies 11 i 12 van ser cap de setmana.<\/p>\n<p>El dia 13: Llegeix un llibre i canvia-li la lletra. Despr\u00e9s vam haver de portar un mitj\u00f3\u00a0per a les pistes de l&#8217;amic invisible.<br \/>\nEl dia 14: Inventeu-vos un ritme d&#8217;una nadala amb materials de la classe.<br \/>\nEl dia 15: Explica un acudit als teus companys i companyes. A partir d&#8217;aquell dia pod\u00edem portar l&#8217;amic<br \/>\ninvisible.<br \/>\nEl dia 16: Quina \u00e9s la can\u00e7\u00f3 que m\u00e9s t&#8217;agrada. Vam haver d&#8217;escriure la can\u00e7\u00f3 que m\u00e9s ens agrad\u00e9s en una llista que est\u00e0 recollida al nostre Classroom.<br \/>\nEl dia 17: Vam fer el joc de les cadires.<br \/>\nEl dia 20: Ballar un Just Dance amb qui tu volguessis.<br \/>\nEl dia 21: Ens vam fer una sessi\u00f3 de fotos, vam haver de repetir les nadales perqu\u00e8 es perdre el nostre v\u00eddeo fet al teatre Modern. A continuaci\u00f3 vam pintar uns p\u00f2sters grans de Nadal i la postal de Nadal. M\u00e9s tard vam fer un tipus de galetes\ud83c\udf6a amb Nutella i pa Bimbo. A la tarda vam fer esports lliures perqu\u00e8 vam arribar al final de la recompensa.<\/p>\n<p><a href=\"https:\/\/agora.xtec.cat\/escolacharlesdarwin\/wp-content\/uploads\/usu160\/2022\/02\/Postal-de-Nadal.jpg\"><img loading=\"lazy\" decoding=\"async\" class=\"size-medium wp-image-21771 aligncenter\" src=\"https:\/\/agora.xtec.cat\/escolacharlesdarwin\/wp-content\/uploads\/usu160\/2022\/02\/Postal-de-Nadal-300x169.jpg\" alt=\"\" width=\"300\" height=\"169\" srcset=\"https:\/\/agora.xtec.cat\/escolacharlesdarwin\/wp-content\/uploads\/usu160\/2022\/02\/Postal-de-Nadal-300x169.jpg 300w, https:\/\/agora.xtec.cat\/escolacharlesdarwin\/wp-content\/uploads\/usu160\/2022\/02\/Postal-de-Nadal-1024x576.jpg 1024w, https:\/\/agora.xtec.cat\/escolacharlesdarwin\/wp-content\/uploads\/usu160\/2022\/02\/Postal-de-Nadal-768x432.jpg 768w, https:\/\/agora.xtec.cat\/escolacharlesdarwin\/wp-content\/uploads\/usu160\/2022\/02\/Postal-de-Nadal-1536x864.jpg 1536w, https:\/\/agora.xtec.cat\/escolacharlesdarwin\/wp-content\/uploads\/usu160\/2022\/02\/Postal-de-Nadal.jpg 2000w\" sizes=\"auto, (max-width: 300px) 100vw, 300px\" \/><\/a><br \/>\nEl dia 22: Endolceix la vida amb una mica de xocolate\ud83c\udf6b i el Ricard ens va deixar unes xocolatines als nostres mitjons.\u00a0 Aquell mateix dia pod\u00edem anar vestits amb un complement de Nadal i per \u00faltim vam fer l&#8217;amic invisible i vam anar cap a casa a les 12:50 perqu\u00e8 era jornada intensiva.<\/p>\n<p>Gr\u00e0cies per llegir-lo. Us deixo algunes imatges d&#8217;aquest fant\u00e0stic mes.<\/p>\n<p><a href=\"https:\/\/photos.app.goo.gl\/yP8QLMt1bXcRPQFL9\">Nadal 21<\/a><\/p>\n<p><strong>Amaia Guill\u00e9n Red\u00f3<\/strong><\/p>\n<h1 style=\"text-align: center\"><span style=\"text-decoration: underline\">NADAL 2021-22<\/span><\/h1>\n<p>Aquest Nadal hem fet un calendari d&#8217;advent que consisteix a fer diferents reptes cada dia del mes de desembre, per exemple, un moment que t&#8217;agradi amb els companys o canviar-se la sabata amb algun amic o amiga.<\/p>\n<p>Tamb\u00e9 hem fet una cantata que al final l&#8217;hem repetit dues vegades per problemes t\u00e8cnics\u00a0i un Christmas cracker amb llaminadures i confetis.<\/p>\n<p>El dia 21 vam anar a l&#8217;Estruch per jugar com a recompensa del nostre recorregut. El m\u00e9s <strong><em>guai<\/em><\/strong> per mi\u00a0 va ser l&#8217;amic invisible que fou molt <strong><em>xulo<\/em><\/strong>!!!<\/p>\n<p>L&#8217;\u00faltim dia pod\u00edem portar complements de Nadal. Podeu gaudir de les nostres aventures clicant al seg\u00fcent enlla\u00e7:<\/p>\n<p><a href=\"https:\/\/photos.app.goo.gl\/snHcDTi95cWR9cL98\">Nadal 6\u00e8A<\/a><\/p>\n<p>Que passeu tots i totes un bon any 2022.<\/p>\n<p><strong>Ferran Arasa Soler<\/strong><\/p>\n","protected":false},"excerpt":{"rendered":"<p>Un Nadal fant\u00e0stic Hola a tothom, S\u00f3c Amaia Guill\u00e9n de 6\u00e8 A i us vaig a explicar el que vam [&hellip;]<\/p>\n","protected":false},"author":1,"featured_media":21774,"comment_status":"open","ping_status":"closed","sticky":false,"template":"","format":"standard","meta":{"site-sidebar-layout":"default","site-content-layout":"","ast-site-content-layout":"","site-content-style":"default","site-sidebar-style":"default","ast-global-header-display":"","ast-banner-title-visibility":"","ast-main-header-display":"","ast-hfb-above-header-display":"","ast-hfb-below-header-display":"","ast-hfb-mobile-header-display":"","site-post-title":"","ast-breadcrumbs-content":"","ast-featured-img":"","footer-sml-layout":"","theme-transparent-header-meta":"","adv-header-id-meta":"","stick-header-meta":"","header-above-stick-meta":"","header-main-stick-meta":"","header-below-stick-meta":"","astra-migrate-meta-layouts":"default","ast-page-background-enabled":"default","ast-page-background-meta":{"desktop":{"background-color":"var(--ast-global-color-4)","background-image":"","background-repeat":"repeat","background-position":"center center","background-size":"auto","background-attachment":"scroll","background-type":"","background-media":"","overlay-type":"","overlay-color":"","overlay-opacity":"","overlay-gradient":""},"tablet":{"background-color":"","background-image":"","background-repeat":"repeat","background-position":"center center","background-size":"auto","background-attachment":"scroll","background-type":"","background-media":"","overlay-type":"","overlay-color":"","overlay-opacity":"","overlay-gradient":""},"mobile":{"background-color":"","background-image":"","background-repeat":"repeat","background-position":"center center","background-size":"auto","background-attachment":"scroll","background-type":"","background-media":"","overlay-type":"","overlay-color":"","overlay-opacity":"","overlay-gradient":""}},"ast-content-background-meta":{"desktop":{"background-color":"var(--ast-global-color-5)","background-image":"","background-repeat":"repeat","background-position":"center center","background-size":"auto","background-attachment":"scroll","background-type":"","background-media":"","overlay-type":"","overlay-color":"","overlay-opacity":"","overlay-gradient":""},"tablet":{"background-color":"var(--ast-global-color-5)","background-image":"","background-repeat":"repeat","background-position":"center center","background-size":"auto","background-attachment":"scroll","background-type":"","background-media":"","overlay-type":"","overlay-color":"","overlay-opacity":"","overlay-gradient":""},"mobile":{"background-color":"var(--ast-global-color-5)","background-image":"","background-repeat":"repeat","background-position":"center center","background-size":"auto","background-attachment":"scroll","background-type":"","background-media":"","overlay-type":"","overlay-color":"","overlay-opacity":"","overlay-gradient":""}},"footnotes":""},"categories":[1],"tags":[],"class_list":["post-21766","post","type-post","status-publish","format-standard","has-post-thumbnail","hentry","category-general"],"post_mailing_queue_ids":[],"_links":{"self":[{"href":"https:\/\/agora.xtec.cat\/escolacharlesdarwin\/wp-json\/wp\/v2\/posts\/21766","targetHints":{"allow":["GET"]}}],"collection":[{"href":"https:\/\/agora.xtec.cat\/escolacharlesdarwin\/wp-json\/wp\/v2\/posts"}],"about":[{"href":"https:\/\/agora.xtec.cat\/escolacharlesdarwin\/wp-json\/wp\/v2\/types\/post"}],"author":[{"embeddable":true,"href":"https:\/\/agora.xtec.cat\/escolacharlesdarwin\/wp-json\/wp\/v2\/users\/1"}],"replies":[{"embeddable":true,"href":"https:\/\/agora.xtec.cat\/escolacharlesdarwin\/wp-json\/wp\/v2\/comments?post=21766"}],"version-history":[{"count":3,"href":"https:\/\/agora.xtec.cat\/escolacharlesdarwin\/wp-json\/wp\/v2\/posts\/21766\/revisions"}],"predecessor-version":[{"id":21773,"href":"https:\/\/agora.xtec.cat\/escolacharlesdarwin\/wp-json\/wp\/v2\/posts\/21766\/revisions\/21773"}],"wp:featuredmedia":[{"embeddable":true,"href":"https:\/\/agora.xtec.cat\/escolacharlesdarwin\/wp-json\/wp\/v2\/media\/21774"}],"wp:attachment":[{"href":"https:\/\/agora.xtec.cat\/escolacharlesdarwin\/wp-json\/wp\/v2\/media?parent=21766"}],"wp:term":[{"taxonomy":"category","embeddable":true,"href":"https:\/\/agora.xtec.cat\/escolacharlesdarwin\/wp-json\/wp\/v2\/categories?post=21766"},{"taxonomy":"post_tag","embeddable":true,"href":"https:\/\/agora.xtec.cat\/escolacharlesdarwin\/wp-json\/wp\/v2\/tags?post=21766"}],"curies":[{"name":"wp","href":"https:\/\/api.w.org\/{rel}","templated":true}]}}