{"id":21726,"date":"2022-02-17T16:33:31","date_gmt":"2022-02-17T15:33:31","guid":{"rendered":"https:\/\/agora.xtec.cat\/escolacharlesdarwin\/?p=21726"},"modified":"2022-02-17T16:34:54","modified_gmt":"2022-02-17T15:34:54","slug":"dia-contra-la-violencia-de-genere-25-de-novembre","status":"publish","type":"post","link":"https:\/\/agora.xtec.cat\/escolacharlesdarwin\/general\/dia-contra-la-violencia-de-genere-25-de-novembre\/","title":{"rendered":"DIA CONTRA LA VIOL\u00c8NCIA DE G\u00c8NERE 25 de Novembre."},"content":{"rendered":"<p>&nbsp;<\/p>\n<p><span style=\"color: #581081\"><span style=\"font-family: Arial\"><span style=\"font-size: 300%\">N<\/span><\/span><\/span><span style=\"color: #ff00ff\"><span style=\"font-family: Arial\"><span style=\"font-size: 300%\">O<\/span><\/span><\/span> <span style=\"color: #00ffff\"><span style=\"font-family: Arial\"><span style=\"font-size: 300%\">A<\/span><\/span><\/span> <span style=\"color: #581081\"><span style=\"font-family: Arial\"><span style=\"font-size: 300%\">L<\/span><\/span><\/span><span style=\"color: #ff00ff\"><span style=\"font-family: Arial\"><span style=\"font-size: 300%\">A <\/span><\/span><\/span><span style=\"color: #00ffff\"><span style=\"font-family: Arial\"><span style=\"font-size: 300%\">V<\/span><\/span><\/span><span style=\"color: #581081\"><span style=\"font-family: Arial\"><span style=\"font-size: 300%\">I<\/span><\/span><\/span><span style=\"color: #ff00ff\"><span style=\"font-family: Arial\"><span style=\"font-size: 300%\">O<\/span><\/span><\/span><span style=\"color: #00ffff\"><span style=\"font-family: Arial\"><span style=\"font-size: 300%\">L<\/span><\/span><\/span><span style=\"color: #581081\"><span style=\"font-family: Arial\"><span style=\"font-size: 300%\">\u00c8<\/span><\/span><\/span><span style=\"color: #ff00ff\"><span style=\"font-family: Arial\"><span style=\"font-size: 300%\">N<\/span><\/span><\/span><span style=\"color: #00ffff\"><span style=\"font-family: Arial\"><span style=\"font-size: 300%\">C<\/span><\/span><\/span><span style=\"color: #581081\"><span style=\"font-family: Arial\"><span style=\"font-size: 300%\">I<\/span><\/span><\/span><span style=\"color: #ff00ff\"><span style=\"font-family: Arial\"><span style=\"font-size: 300%\">A <\/span><\/span><\/span><span style=\"color: #00ffff\"><span style=\"font-family: Arial\"><span style=\"font-size: 300%\">D<\/span><\/span><\/span><span style=\"color: #581081\"><span style=\"font-family: Arial\"><span style=\"font-size: 300%\">E <\/span><\/span><\/span><span style=\"color: #ff00ff\"><span style=\"font-family: Arial\"><span style=\"font-size: 300%\">G<\/span><\/span><\/span><span style=\"color: #00ffff\"><span style=\"font-family: Arial\"><span style=\"font-size: 300%\">\u00c8<\/span><\/span><\/span><span style=\"color: #581081\"><span style=\"font-family: Arial\"><span style=\"font-size: 300%\">N<\/span><\/span><\/span><span style=\"color: #ff00ff\"><span style=\"font-family: Arial\"><span style=\"font-size: 300%\">E<\/span><\/span><\/span><span style=\"color: #00ffff\"><span style=\"font-family: Arial\"><span style=\"font-size: 300%\">R<\/span><\/span><\/span><span style=\"color: #581081\"><span style=\"font-family: Arial\"><span style=\"font-size: 300%\">E<\/span><\/span><\/span><span style=\"color: #ff00ff\"><span style=\"font-family: Arial\"><span style=\"font-size: 300%\">!<\/span><\/span><\/span><span style=\"color: #00ffff\"><span style=\"font-family: Arial\"><span style=\"font-size: 300%\">!<\/span><\/span><\/span><span style=\"color: #581081\"><span style=\"font-family: Arial\"><span style=\"font-size: 300%\">!<\/span><\/span><\/span><\/p>\n<p>&nbsp;<\/p>\n<p><span style=\"color: #000000\"><span style=\"font-family: Arial\"><span style=\"font-size: large\">Hola!!! Anem a parlar sobre aquest 25 de Novembre ja que va ser el dia Internacional contra la Viol\u00e8ncia de G\u00e8nere.<\/span><\/span><\/span><\/p>\n<p>&nbsp;<\/p>\n<p><span style=\"color: #000000\"><span style=\"font-family: Arial\"><span style=\"font-size: large\">Vam fer moltes activitats com ara: Escoltar la can\u00e7<\/span><\/span><\/span><span style=\"color: #000000\"><span style=\"font-family: Arial\"><span style=\"font-size: large\">\u00f3<\/span><\/span><\/span><span style=\"color: #000000\"><span style=\"font-family: Arial\"><span style=\"font-size: large\"> de <\/span><\/span><\/span><span style=\"color: #000000\">\u201c<\/span><span style=\"color: #000000\"><span style=\"font-family: Arial\"><span style=\"font-size: large\"><i>My name is Luca\u201d <\/i><\/span><\/span><\/span><span style=\"color: #000000\"><span style=\"font-family: Arial\"><span style=\"font-size: large\">i <\/span><\/span><\/span><span style=\"color: #000000\"><span style=\"font-family: Arial\"><span style=\"font-size: large\"><b>Malo<\/b><\/span><\/span><\/span><span style=\"color: #000000\"><span style=\"font-family: Arial\"><span style=\"font-size: large\">. Hav\u00edem d&#8217;omplir els espais en blanc amb paraules de la can\u00e7\u00f3 i reflexionar sobre tot all\u00f2 que ens volia transmetre la seva autora. <\/span><\/span><\/span><\/p>\n<p><span style=\"color: #000000\"><span style=\"font-family: Arial\"><span style=\"font-size: large\">Despr\u00e9s vam escriure (en un p\u00f2sit) una paraula\/frase curta reivindicativa per posar-la en un mural i l\u00b4\u00faltima cosa que vam fer est\u00e0 dividida en dues parts: primer ten\u00edem que fer una pancarta\/cartell amb una frase <strong>C<\/strong><\/span><\/span><\/span><span style=\"color: #000000\"><span style=\"font-family: Arial\"><span style=\"font-size: large\"><b>ontra la <\/b><\/span><\/span><\/span><span style=\"color: #000000\"><span style=\"font-family: Arial\"><span style=\"font-size: large\"><b>V<\/b><\/span><\/span><\/span><span style=\"color: #000000\"><span style=\"font-family: Arial\"><span style=\"font-size: large\"><b>iol\u00e8ncia de <\/b><\/span><\/span><\/span><span style=\"color: #000000\"><span style=\"font-family: Arial\"><span style=\"font-size: large\"><b>G<\/b><\/span><\/span><\/span><span style=\"color: #000000\"><span style=\"font-family: Arial\"><span style=\"font-size: large\"><b>\u00e8nere <\/b><\/span><\/span><\/span><span style=\"color: #000000\"><span style=\"font-family: Arial\"><span style=\"font-size: large\">per llegir-la en un manifest. <\/span><\/span><\/span><\/p>\n<p><span style=\"color: #000000\"><span style=\"font-family: Arial\"><span style=\"font-size: large\">Van sortir frases com:\u00a0 LLIBERTAT A LES PERSONES!!!<\/span><\/span><\/span><span style=\"color: #000000\"> \u00a0<\/span><span style=\"color: #000000\"><span style=\"font-family: Arial\"><span style=\"font-size: large\">LLIBERTAT A SER COM VULGUIS I MENYS VIOL\u00c8NCIA!!!<\/span><\/span><\/span> <span style=\"color: #000000\"><span style=\"font-family: Arial\"><span style=\"font-size: large\">NO AL MASCLISME!!!.<\/span><\/span><\/span><\/p>\n<p>&nbsp;<\/p>\n<p><span style=\"color: #000000\"><span style=\"font-family: Arial\"><span style=\"font-size: large\">La segona part va ser el manifest al pati, el va llegir la directora Vanessa i els mestres. Nosaltres est\u00e0vem amb la pancarta\/cartell a les mans.<\/span><\/span><\/span><\/p>\n<p>&nbsp;<\/p>\n<p><span style=\"color: #000000\"><span style=\"font-family: Arial\"><span style=\"font-size: large\">La majoria de persones de l&#8217;escola port\u00e0vem alguna cosa lila i els mestres es van fer una samarreta blanca amb una m\u00e0 lila que significava STOP-ATURAT<\/span><\/span><\/span><\/p>\n<p>&nbsp;<\/p>\n<p><span style=\"color: #000000\"><span style=\"font-family: Arial\"><span style=\"font-size: large\">El que m\u00e9s ens va agradar la can\u00e7\u00f3 de Malo :<\/span><\/span><\/span><\/p>\n<p><a href=\"https:\/\/www.youtube.com\/watch?v=90GqAf3zJ8s\"><span style=\"color: #1155cc\"><span style=\"font-family: Arial\"><span style=\"font-size: large\"><u>Bebe &#8211; Malo (Videoclip Oficial) &#8211; YouTube<\/u><\/span><\/span><\/span><\/a><span style=\"color: #000000\"><span style=\"font-family: Arial\"><span style=\"font-size: large\">.<\/span><\/span><\/span><\/p>\n<p>&nbsp;<\/p>\n<p><span style=\"color: #000000\"><span style=\"font-family: Arial\"><span style=\"font-size: large\">Aquest article ha estat escrit per <\/span><\/span><\/span><span style=\"color: #581081\"><span style=\"font-family: Arial\"><span style=\"font-size: large\">Nymeria,<\/span><\/span><\/span><span style=\"color: #000000\"><span style=\"font-family: Arial\"><span style=\"font-size: large\">Laia i Emma.<\/span><\/span><\/span><\/p>\n","protected":false},"excerpt":{"rendered":"<p>&nbsp; NO A LA VIOL\u00c8NCIA DE G\u00c8NERE!!! &nbsp; Hola!!! Anem a parlar sobre aquest 25 de Novembre ja que va [&hellip;]<\/p>\n","protected":false},"author":75,"featured_media":21727,"comment_status":"open","ping_status":"closed","sticky":false,"template":"","format":"standard","meta":{"site-sidebar-layout":"default","site-content-layout":"","ast-site-content-layout":"","site-content-style":"default","site-sidebar-style":"default","ast-global-header-display":"","ast-banner-title-visibility":"","ast-main-header-display":"","ast-hfb-above-header-display":"","ast-hfb-below-header-display":"","ast-hfb-mobile-header-display":"","site-post-title":"","ast-breadcrumbs-content":"","ast-featured-img":"","footer-sml-layout":"","theme-transparent-header-meta":"","adv-header-id-meta":"","stick-header-meta":"","header-above-stick-meta":"","header-main-stick-meta":"","header-below-stick-meta":"","astra-migrate-meta-layouts":"default","ast-page-background-enabled":"default","ast-page-background-meta":{"desktop":{"background-color":"var(--ast-global-color-4)","background-image":"","background-repeat":"repeat","background-position":"center center","background-size":"auto","background-attachment":"scroll","background-type":"","background-media":"","overlay-type":"","overlay-color":"","overlay-opacity":"","overlay-gradient":""},"tablet":{"background-color":"","background-image":"","background-repeat":"repeat","background-position":"center center","background-size":"auto","background-attachment":"scroll","background-type":"","background-media":"","overlay-type":"","overlay-color":"","overlay-opacity":"","overlay-gradient":""},"mobile":{"background-color":"","background-image":"","background-repeat":"repeat","background-position":"center center","background-size":"auto","background-attachment":"scroll","background-type":"","background-media":"","overlay-type":"","overlay-color":"","overlay-opacity":"","overlay-gradient":""}},"ast-content-background-meta":{"desktop":{"background-color":"var(--ast-global-color-5)","background-image":"","background-repeat":"repeat","background-position":"center center","background-size":"auto","background-attachment":"scroll","background-type":"","background-media":"","overlay-type":"","overlay-color":"","overlay-opacity":"","overlay-gradient":""},"tablet":{"background-color":"var(--ast-global-color-5)","background-image":"","background-repeat":"repeat","background-position":"center center","background-size":"auto","background-attachment":"scroll","background-type":"","background-media":"","overlay-type":"","overlay-color":"","overlay-opacity":"","overlay-gradient":""},"mobile":{"background-color":"var(--ast-global-color-5)","background-image":"","background-repeat":"repeat","background-position":"center center","background-size":"auto","background-attachment":"scroll","background-type":"","background-media":"","overlay-type":"","overlay-color":"","overlay-opacity":"","overlay-gradient":""}},"footnotes":""},"categories":[1],"tags":[],"class_list":["post-21726","post","type-post","status-publish","format-standard","has-post-thumbnail","hentry","category-general"],"post_mailing_queue_ids":[],"_links":{"self":[{"href":"https:\/\/agora.xtec.cat\/escolacharlesdarwin\/wp-json\/wp\/v2\/posts\/21726","targetHints":{"allow":["GET"]}}],"collection":[{"href":"https:\/\/agora.xtec.cat\/escolacharlesdarwin\/wp-json\/wp\/v2\/posts"}],"about":[{"href":"https:\/\/agora.xtec.cat\/escolacharlesdarwin\/wp-json\/wp\/v2\/types\/post"}],"author":[{"embeddable":true,"href":"https:\/\/agora.xtec.cat\/escolacharlesdarwin\/wp-json\/wp\/v2\/users\/75"}],"replies":[{"embeddable":true,"href":"https:\/\/agora.xtec.cat\/escolacharlesdarwin\/wp-json\/wp\/v2\/comments?post=21726"}],"version-history":[{"count":1,"href":"https:\/\/agora.xtec.cat\/escolacharlesdarwin\/wp-json\/wp\/v2\/posts\/21726\/revisions"}],"predecessor-version":[{"id":21728,"href":"https:\/\/agora.xtec.cat\/escolacharlesdarwin\/wp-json\/wp\/v2\/posts\/21726\/revisions\/21728"}],"wp:featuredmedia":[{"embeddable":true,"href":"https:\/\/agora.xtec.cat\/escolacharlesdarwin\/wp-json\/wp\/v2\/media\/21727"}],"wp:attachment":[{"href":"https:\/\/agora.xtec.cat\/escolacharlesdarwin\/wp-json\/wp\/v2\/media?parent=21726"}],"wp:term":[{"taxonomy":"category","embeddable":true,"href":"https:\/\/agora.xtec.cat\/escolacharlesdarwin\/wp-json\/wp\/v2\/categories?post=21726"},{"taxonomy":"post_tag","embeddable":true,"href":"https:\/\/agora.xtec.cat\/escolacharlesdarwin\/wp-json\/wp\/v2\/tags?post=21726"}],"curies":[{"name":"wp","href":"https:\/\/api.w.org\/{rel}","templated":true}]}}