{"id":21666,"date":"2022-02-14T19:36:49","date_gmt":"2022-02-14T18:36:49","guid":{"rendered":"https:\/\/agora.xtec.cat\/escolacharlesdarwin\/?p=21666"},"modified":"2022-02-14T19:48:26","modified_gmt":"2022-02-14T18:48:26","slug":"dia-internacional-de-la-dona-i-la-nena-a-la-ciencia-4","status":"publish","type":"post","link":"https:\/\/agora.xtec.cat\/escolacharlesdarwin\/general\/dia-internacional-de-la-dona-i-la-nena-a-la-ciencia-4\/","title":{"rendered":"DIA INTERNACIONAL DE LA DONA I LA NENA A LA CI\u00c8NCIA"},"content":{"rendered":"<p>El Dia Internacional de la Dona i la Nena en la Ci\u00e8ncia, que es celebra cada any el dia 11 de febrer, reconeix el paper fonamental que juguen les dones en la ci\u00e8ncia i la tecnologia, malgrat els obstacles que continuen trobant en aquest camp del desenvolupament hum\u00e0: menys del 30% d\u2019investigadors cient\u00edfics en el m\u00f3n s\u00f3n dones.<\/p>\n<p>La ci\u00e8ncia i la igualtat de g\u00e8nere s\u00f3n essencials per al desenvolupament sostenible i per aix\u00f2 la celebraci\u00f3 d\u2019aquest dia ha de servir per posar de manifest la necessitat de fomentar l\u2019acc\u00e9s i la participaci\u00f3 plena de les dones i les nenes en la ci\u00e8ncia.<\/p>\n<p>A l\u2019aula hem realitzat les seg\u00fcents activitats:<\/p>\n<ul>\n<li>Visionat del v\u00eddeo motivador que ens ha enviat la Carlota Colomer per donar a con\u00e8ixer aquest dia.<\/li>\n<li>Conversa grupal sobre que entenen per ci\u00e8ncia i import\u00e0ncia de equitat de g\u00e8nere en tots els camps relacionats amb els oficis i en general a la societat.<\/li>\n<li>Visionat d\u2019un v\u00eddeo i di ferents contes de Jane Goodall, cient\u00edfica relacionada amb el nostre ODS i posterior reflexi\u00f3 i feineta.<\/li>\n<li>Videoconfer\u00e8ncia amb la Dolors, mare del Mario Fern\u00e1ndez,\u00a0 professional del m\u00f3n de la ci\u00e8ncia que ens han explicat a qu\u00e8 es dedica, quins materials utilitza\u2026(aprofitem per agra\u00efr la seva col\u00b7laboraci\u00f3).<\/li>\n<li>Realitzaci\u00f3 d&#8217;un experiment.<\/li>\n<\/ul>\n<p><a href=\"https:\/\/photos.app.goo.gl\/jKtCnnveQ8RAXPad9\">RECULL FOTOGR\u00c0FIC<\/a><\/p>\n<p><img loading=\"lazy\" decoding=\"async\" class=\"attachment-266x266 size-266x266\" src=\"https:\/\/agora.xtec.cat\/escolacharlesdarwin\/wp-content\/uploads\/usu160\/2022\/02\/images-1.jpg\" sizes=\"auto, (max-width: 225px) 100vw, 225px\" srcset=\"https:\/\/agora.xtec.cat\/escolacharlesdarwin\/wp-content\/uploads\/usu160\/2022\/02\/images-1.jpg 225w, https:\/\/agora.xtec.cat\/escolacharlesdarwin\/wp-content\/uploads\/usu160\/2022\/02\/images-1-150x150.jpg 150w\" alt=\"\" width=\"225\" height=\"225\" \/><\/p>\n<p>&nbsp;<\/p>\n","protected":false},"excerpt":{"rendered":"<p>El Dia Internacional de la Dona i la Nena en la Ci\u00e8ncia, que es celebra cada any el dia 11 [&hellip;]<\/p>\n","protected":false},"author":42,"featured_media":21670,"comment_status":"open","ping_status":"closed","sticky":false,"template":"","format":"standard","meta":{"site-sidebar-layout":"default","site-content-layout":"","ast-site-content-layout":"","site-content-style":"default","site-sidebar-style":"default","ast-global-header-display":"","ast-banner-title-visibility":"","ast-main-header-display":"","ast-hfb-above-header-display":"","ast-hfb-below-header-display":"","ast-hfb-mobile-header-display":"","site-post-title":"","ast-breadcrumbs-content":"","ast-featured-img":"","footer-sml-layout":"","theme-transparent-header-meta":"","adv-header-id-meta":"","stick-header-meta":"","header-above-stick-meta":"","header-main-stick-meta":"","header-below-stick-meta":"","astra-migrate-meta-layouts":"default","ast-page-background-enabled":"default","ast-page-background-meta":{"desktop":{"background-color":"var(--ast-global-color-4)","background-image":"","background-repeat":"repeat","background-position":"center center","background-size":"auto","background-attachment":"scroll","background-type":"","background-media":"","overlay-type":"","overlay-color":"","overlay-opacity":"","overlay-gradient":""},"tablet":{"background-color":"","background-image":"","background-repeat":"repeat","background-position":"center center","background-size":"auto","background-attachment":"scroll","background-type":"","background-media":"","overlay-type":"","overlay-color":"","overlay-opacity":"","overlay-gradient":""},"mobile":{"background-color":"","background-image":"","background-repeat":"repeat","background-position":"center center","background-size":"auto","background-attachment":"scroll","background-type":"","background-media":"","overlay-type":"","overlay-color":"","overlay-opacity":"","overlay-gradient":""}},"ast-content-background-meta":{"desktop":{"background-color":"var(--ast-global-color-5)","background-image":"","background-repeat":"repeat","background-position":"center center","background-size":"auto","background-attachment":"scroll","background-type":"","background-media":"","overlay-type":"","overlay-color":"","overlay-opacity":"","overlay-gradient":""},"tablet":{"background-color":"var(--ast-global-color-5)","background-image":"","background-repeat":"repeat","background-position":"center center","background-size":"auto","background-attachment":"scroll","background-type":"","background-media":"","overlay-type":"","overlay-color":"","overlay-opacity":"","overlay-gradient":""},"mobile":{"background-color":"var(--ast-global-color-5)","background-image":"","background-repeat":"repeat","background-position":"center center","background-size":"auto","background-attachment":"scroll","background-type":"","background-media":"","overlay-type":"","overlay-color":"","overlay-opacity":"","overlay-gradient":""}},"footnotes":""},"categories":[1],"tags":[],"class_list":["post-21666","post","type-post","status-publish","format-standard","has-post-thumbnail","hentry","category-general"],"post_mailing_queue_ids":[],"_links":{"self":[{"href":"https:\/\/agora.xtec.cat\/escolacharlesdarwin\/wp-json\/wp\/v2\/posts\/21666","targetHints":{"allow":["GET"]}}],"collection":[{"href":"https:\/\/agora.xtec.cat\/escolacharlesdarwin\/wp-json\/wp\/v2\/posts"}],"about":[{"href":"https:\/\/agora.xtec.cat\/escolacharlesdarwin\/wp-json\/wp\/v2\/types\/post"}],"author":[{"embeddable":true,"href":"https:\/\/agora.xtec.cat\/escolacharlesdarwin\/wp-json\/wp\/v2\/users\/42"}],"replies":[{"embeddable":true,"href":"https:\/\/agora.xtec.cat\/escolacharlesdarwin\/wp-json\/wp\/v2\/comments?post=21666"}],"version-history":[{"count":3,"href":"https:\/\/agora.xtec.cat\/escolacharlesdarwin\/wp-json\/wp\/v2\/posts\/21666\/revisions"}],"predecessor-version":[{"id":21675,"href":"https:\/\/agora.xtec.cat\/escolacharlesdarwin\/wp-json\/wp\/v2\/posts\/21666\/revisions\/21675"}],"wp:featuredmedia":[{"embeddable":true,"href":"https:\/\/agora.xtec.cat\/escolacharlesdarwin\/wp-json\/wp\/v2\/media\/21670"}],"wp:attachment":[{"href":"https:\/\/agora.xtec.cat\/escolacharlesdarwin\/wp-json\/wp\/v2\/media?parent=21666"}],"wp:term":[{"taxonomy":"category","embeddable":true,"href":"https:\/\/agora.xtec.cat\/escolacharlesdarwin\/wp-json\/wp\/v2\/categories?post=21666"},{"taxonomy":"post_tag","embeddable":true,"href":"https:\/\/agora.xtec.cat\/escolacharlesdarwin\/wp-json\/wp\/v2\/tags?post=21666"}],"curies":[{"name":"wp","href":"https:\/\/api.w.org\/{rel}","templated":true}]}}