{"id":21665,"date":"2022-02-14T19:24:37","date_gmt":"2022-02-14T18:24:37","guid":{"rendered":"https:\/\/agora.xtec.cat\/escolacharlesdarwin\/?p=21665"},"modified":"2022-02-14T19:25:20","modified_gmt":"2022-02-14T18:25:20","slug":"11-de-febrer-dia-de-la-dona-i-la-ciencia","status":"publish","type":"post","link":"https:\/\/agora.xtec.cat\/escolacharlesdarwin\/general\/11-de-febrer-dia-de-la-dona-i-la-ciencia\/","title":{"rendered":"11 DE FEBRER: DIA DE LA DONA I LA CI\u00c8NCIA"},"content":{"rendered":"<p>&nbsp;<\/p>\n<p><img loading=\"lazy\" decoding=\"async\" class=\"aligncenter size-full wp-image-21547\" src=\"https:\/\/agora.xtec.cat\/escolacharlesdarwin\/wp-content\/uploads\/usu160\/2022\/02\/Captura-de-pantalla-2022-02-10-a-las-18.48.10.png\" alt=\"\" width=\"350\" height=\"194\" srcset=\"https:\/\/agora.xtec.cat\/escolacharlesdarwin\/wp-content\/uploads\/usu160\/2022\/02\/Captura-de-pantalla-2022-02-10-a-las-18.48.10.png 350w, https:\/\/agora.xtec.cat\/escolacharlesdarwin\/wp-content\/uploads\/usu160\/2022\/02\/Captura-de-pantalla-2022-02-10-a-las-18.48.10-300x166.png 300w\" sizes=\"auto, (max-width: 350px) 100vw, 350px\" \/>El Dia Internacional de la Dona i la Nena en la Ci\u00e8ncia, que es celebra cada any el dia 11 de febrer, reconeix el paper fonamental que juguen les dones en la ci\u00e8ncia i la tecnologia, malgrat els obstacles que continuen trobant en aquest camp del desenvolupament hum\u00e0: menys del 30% d&#8217;investigadors cient\u00edfics en el m\u00f3n s\u00f3n dones.<\/p>\n<p>La ci\u00e8ncia i la igualtat de g\u00e8nere s\u00f3n essencials per al desenvolupament sostenible i per aix\u00f2 la celebraci\u00f3 d&#8217;aquest dia ha de servir per posar de manifest la necessitat de fomentar l\u2019acc\u00e9s i la participaci\u00f3 plena de les dones i les nenes en la ci\u00e8ncia.<\/p>\n<p>A l&#8217;aula hem realitzat les seg\u00fcents activitats:<\/p>\n<ul>\n<li>Visionat del v\u00eddeo motivador que ens ha enviat la Carlota Colomer per donar a con\u00e8ixer aquest dia.<\/li>\n<li>Conversa grupal sobre que entenen per ci\u00e8ncia i import\u00e0ncia de equitat de g\u00e8nere en tots els camps relacionats amb els oficis i en general a la societat.<\/li>\n<li>Visionat d&#8217;un v\u00eddeo de Jane Goodall, cient\u00edfica relacionada amb el nostre ODS i posterior reflexi\u00f3 i feineta.<\/li>\n<li>Videoconfer\u00e8ncia amb dues mares que tenen una feina relacionada amb la ci\u00e8ncia on ens han explicat a que es dediquen, quins materials utilitzen&#8230;(aprofitem per agrair la seva col\u00b7laboraci\u00f3).<\/li>\n<li>Realitzem un experiment.<\/li>\n<\/ul>\n<p><a href=\"https:\/\/photos.app.goo.gl\/PB9fwebofTv2pyYbA\">Aqu\u00ed<\/a> us deixem un recull fotogr\u00e0fic.<\/p>\n","protected":false},"excerpt":{"rendered":"<p>&nbsp; El Dia Internacional de la Dona i la Nena en la Ci\u00e8ncia, que es celebra cada any el dia [&hellip;]<\/p>\n","protected":false},"author":39,"featured_media":21547,"comment_status":"open","ping_status":"closed","sticky":false,"template":"","format":"standard","meta":{"site-sidebar-layout":"default","site-content-layout":"","ast-site-content-layout":"","site-content-style":"default","site-sidebar-style":"default","ast-global-header-display":"","ast-banner-title-visibility":"","ast-main-header-display":"","ast-hfb-above-header-display":"","ast-hfb-below-header-display":"","ast-hfb-mobile-header-display":"","site-post-title":"","ast-breadcrumbs-content":"","ast-featured-img":"","footer-sml-layout":"","theme-transparent-header-meta":"","adv-header-id-meta":"","stick-header-meta":"","header-above-stick-meta":"","header-main-stick-meta":"","header-below-stick-meta":"","astra-migrate-meta-layouts":"default","ast-page-background-enabled":"default","ast-page-background-meta":{"desktop":{"background-color":"var(--ast-global-color-4)","background-image":"","background-repeat":"repeat","background-position":"center center","background-size":"auto","background-attachment":"scroll","background-type":"","background-media":"","overlay-type":"","overlay-color":"","overlay-opacity":"","overlay-gradient":""},"tablet":{"background-color":"","background-image":"","background-repeat":"repeat","background-position":"center center","background-size":"auto","background-attachment":"scroll","background-type":"","background-media":"","overlay-type":"","overlay-color":"","overlay-opacity":"","overlay-gradient":""},"mobile":{"background-color":"","background-image":"","background-repeat":"repeat","background-position":"center center","background-size":"auto","background-attachment":"scroll","background-type":"","background-media":"","overlay-type":"","overlay-color":"","overlay-opacity":"","overlay-gradient":""}},"ast-content-background-meta":{"desktop":{"background-color":"var(--ast-global-color-5)","background-image":"","background-repeat":"repeat","background-position":"center center","background-size":"auto","background-attachment":"scroll","background-type":"","background-media":"","overlay-type":"","overlay-color":"","overlay-opacity":"","overlay-gradient":""},"tablet":{"background-color":"var(--ast-global-color-5)","background-image":"","background-repeat":"repeat","background-position":"center center","background-size":"auto","background-attachment":"scroll","background-type":"","background-media":"","overlay-type":"","overlay-color":"","overlay-opacity":"","overlay-gradient":""},"mobile":{"background-color":"var(--ast-global-color-5)","background-image":"","background-repeat":"repeat","background-position":"center center","background-size":"auto","background-attachment":"scroll","background-type":"","background-media":"","overlay-type":"","overlay-color":"","overlay-opacity":"","overlay-gradient":""}},"footnotes":""},"categories":[1],"tags":[],"class_list":["post-21665","post","type-post","status-publish","format-standard","has-post-thumbnail","hentry","category-general"],"post_mailing_queue_ids":[],"_links":{"self":[{"href":"https:\/\/agora.xtec.cat\/escolacharlesdarwin\/wp-json\/wp\/v2\/posts\/21665","targetHints":{"allow":["GET"]}}],"collection":[{"href":"https:\/\/agora.xtec.cat\/escolacharlesdarwin\/wp-json\/wp\/v2\/posts"}],"about":[{"href":"https:\/\/agora.xtec.cat\/escolacharlesdarwin\/wp-json\/wp\/v2\/types\/post"}],"author":[{"embeddable":true,"href":"https:\/\/agora.xtec.cat\/escolacharlesdarwin\/wp-json\/wp\/v2\/users\/39"}],"replies":[{"embeddable":true,"href":"https:\/\/agora.xtec.cat\/escolacharlesdarwin\/wp-json\/wp\/v2\/comments?post=21665"}],"version-history":[{"count":1,"href":"https:\/\/agora.xtec.cat\/escolacharlesdarwin\/wp-json\/wp\/v2\/posts\/21665\/revisions"}],"predecessor-version":[{"id":21667,"href":"https:\/\/agora.xtec.cat\/escolacharlesdarwin\/wp-json\/wp\/v2\/posts\/21665\/revisions\/21667"}],"wp:featuredmedia":[{"embeddable":true,"href":"https:\/\/agora.xtec.cat\/escolacharlesdarwin\/wp-json\/wp\/v2\/media\/21547"}],"wp:attachment":[{"href":"https:\/\/agora.xtec.cat\/escolacharlesdarwin\/wp-json\/wp\/v2\/media?parent=21665"}],"wp:term":[{"taxonomy":"category","embeddable":true,"href":"https:\/\/agora.xtec.cat\/escolacharlesdarwin\/wp-json\/wp\/v2\/categories?post=21665"},{"taxonomy":"post_tag","embeddable":true,"href":"https:\/\/agora.xtec.cat\/escolacharlesdarwin\/wp-json\/wp\/v2\/tags?post=21665"}],"curies":[{"name":"wp","href":"https:\/\/api.w.org\/{rel}","templated":true}]}}