{"id":21563,"date":"2022-02-12T13:59:18","date_gmt":"2022-02-12T12:59:18","guid":{"rendered":"https:\/\/agora.xtec.cat\/escolacharlesdarwin\/?p=21563"},"modified":"2022-02-23T17:01:43","modified_gmt":"2022-02-23T16:01:43","slug":"dia-internacional-de-la-dona-i-la-nena-a-la-ciencia","status":"publish","type":"post","link":"https:\/\/agora.xtec.cat\/escolacharlesdarwin\/general\/dia-internacional-de-la-dona-i-la-nena-a-la-ciencia\/","title":{"rendered":"DIA INTERNACIONAL DE  LA DONA I LA NENA A LA CI\u00c8NCIA"},"content":{"rendered":"<p><a href=\"https:\/\/agora.xtec.cat\/escolacharlesdarwin\/wp-content\/uploads\/usu160\/2022\/02\/11-febrer-dia-internacional-nena-ciencia.jpg\"><img loading=\"lazy\" decoding=\"async\" class=\"alignnone wp-image-21564\" src=\"https:\/\/agora.xtec.cat\/escolacharlesdarwin\/wp-content\/uploads\/usu160\/2022\/02\/11-febrer-dia-internacional-nena-ciencia.jpg\" alt=\"\" width=\"221\" height=\"166\" srcset=\"https:\/\/agora.xtec.cat\/escolacharlesdarwin\/wp-content\/uploads\/usu160\/2022\/02\/11-febrer-dia-internacional-nena-ciencia.jpg 960w, https:\/\/agora.xtec.cat\/escolacharlesdarwin\/wp-content\/uploads\/usu160\/2022\/02\/11-febrer-dia-internacional-nena-ciencia-300x225.jpg 300w, https:\/\/agora.xtec.cat\/escolacharlesdarwin\/wp-content\/uploads\/usu160\/2022\/02\/11-febrer-dia-internacional-nena-ciencia-768x576.jpg 768w, https:\/\/agora.xtec.cat\/escolacharlesdarwin\/wp-content\/uploads\/usu160\/2022\/02\/11-febrer-dia-internacional-nena-ciencia-200x150.jpg 200w\" sizes=\"auto, (max-width: 221px) 100vw, 221px\" \/><\/a><a href=\"https:\/\/agora.xtec.cat\/escolacharlesdarwin\/wp-content\/uploads\/usu160\/2022\/02\/Captura-de-pantalla-2022-02-10-a-las-18.48.10-1.png\"><img loading=\"lazy\" decoding=\"async\" class=\" wp-image-21548 alignnone\" src=\"https:\/\/agora.xtec.cat\/escolacharlesdarwin\/wp-content\/uploads\/usu160\/2022\/02\/Captura-de-pantalla-2022-02-10-a-las-18.48.10-1.png\" alt=\"\" width=\"257\" height=\"143\" srcset=\"https:\/\/agora.xtec.cat\/escolacharlesdarwin\/wp-content\/uploads\/usu160\/2022\/02\/Captura-de-pantalla-2022-02-10-a-las-18.48.10-1.png 350w, https:\/\/agora.xtec.cat\/escolacharlesdarwin\/wp-content\/uploads\/usu160\/2022\/02\/Captura-de-pantalla-2022-02-10-a-las-18.48.10-1-300x166.png 300w\" sizes=\"auto, (max-width: 257px) 100vw, 257px\" \/><\/a><\/p>\n<p><span style=\"font-weight: 400\">L\u2019onze de febrer va ser el dia internacional de la nena i la dona en la ci\u00e8ncia. <\/span><span style=\"font-weight: 400\">A l cicle superior de l&#8217;escola Charles Darwin vam fer una activitat cooperativa per tal de celebrar-ho.<\/span><\/p>\n<p><span style=\"font-weight: 400\">Cada classe va triar sis dones importants de la ci\u00e8ncia i les vam repartir per grups cooperatius. Cada equip havia d&#8217;escriure una biografia sobre la dona que li havia tocat.<\/span><\/p>\n<p><span style=\"font-weight: 400\">Quan tots hav\u00edem acabat, les vam plastificar i penjar a la tanca perqu\u00e8 les persones de fora les poguessin llegir.\u00a0\u00a0<\/span><\/p>\n<p><span style=\"font-weight: 400\">Tamb\u00e9 aquell dia vam fer un experiment sobre el canvi clim\u00e0tic, en el qual es demostrava el diferent comportament del desgel en un pol o a l\u2019altre de la terra (si el gel \u00e9s sobre terra ferma o sobre l\u2019aigua).<\/span><\/p>\n<p><span style=\"font-weight: 400\">Personalment a mi m\u2019ha agradat molt la jornada, i la dona que li ha tocat al meu grup m\u2019ha semblat una persona molt interessant, perqu\u00e8, a m\u00e9s a m\u00e9s de ser una gran cient\u00edfica, va tenir moltes feines diferents: actriu, inventora, productora de cinema, directora\u2026<\/span><\/p>\n<p><span style=\"font-weight: 400\">Aquest tipus d\u2019activitats s\u00f3n divertides i entretingudes, per una altra banda, s\u00f3n una manera molt bonica de visibilitzar el paper de la dona i la nena a la ci\u00e8ncia.<\/span><\/p>\n<p><span style=\"font-weight: 400\">Article escrit per la J\u00falia S\u00e1nchez<\/span><\/p>\n<p><a href=\"https:\/\/photos.app.goo.gl\/3WrzKK3BrFjc8Liz6\">Enlla\u00e7 a les fotos de la jornada<\/a><\/p>\n","protected":false},"excerpt":{"rendered":"<p>L\u2019onze de febrer va ser el dia internacional de la nena i la dona en la ci\u00e8ncia. A l cicle [&hellip;]<\/p>\n","protected":false},"author":24,"featured_media":21571,"comment_status":"open","ping_status":"closed","sticky":false,"template":"","format":"standard","meta":{"site-sidebar-layout":"default","site-content-layout":"","ast-site-content-layout":"","site-content-style":"default","site-sidebar-style":"default","ast-global-header-display":"","ast-banner-title-visibility":"","ast-main-header-display":"","ast-hfb-above-header-display":"","ast-hfb-below-header-display":"","ast-hfb-mobile-header-display":"","site-post-title":"","ast-breadcrumbs-content":"","ast-featured-img":"","footer-sml-layout":"","theme-transparent-header-meta":"","adv-header-id-meta":"","stick-header-meta":"","header-above-stick-meta":"","header-main-stick-meta":"","header-below-stick-meta":"","astra-migrate-meta-layouts":"default","ast-page-background-enabled":"default","ast-page-background-meta":{"desktop":{"background-color":"var(--ast-global-color-4)","background-image":"","background-repeat":"repeat","background-position":"center center","background-size":"auto","background-attachment":"scroll","background-type":"","background-media":"","overlay-type":"","overlay-color":"","overlay-opacity":"","overlay-gradient":""},"tablet":{"background-color":"","background-image":"","background-repeat":"repeat","background-position":"center center","background-size":"auto","background-attachment":"scroll","background-type":"","background-media":"","overlay-type":"","overlay-color":"","overlay-opacity":"","overlay-gradient":""},"mobile":{"background-color":"","background-image":"","background-repeat":"repeat","background-position":"center center","background-size":"auto","background-attachment":"scroll","background-type":"","background-media":"","overlay-type":"","overlay-color":"","overlay-opacity":"","overlay-gradient":""}},"ast-content-background-meta":{"desktop":{"background-color":"var(--ast-global-color-5)","background-image":"","background-repeat":"repeat","background-position":"center center","background-size":"auto","background-attachment":"scroll","background-type":"","background-media":"","overlay-type":"","overlay-color":"","overlay-opacity":"","overlay-gradient":""},"tablet":{"background-color":"var(--ast-global-color-5)","background-image":"","background-repeat":"repeat","background-position":"center center","background-size":"auto","background-attachment":"scroll","background-type":"","background-media":"","overlay-type":"","overlay-color":"","overlay-opacity":"","overlay-gradient":""},"mobile":{"background-color":"var(--ast-global-color-5)","background-image":"","background-repeat":"repeat","background-position":"center center","background-size":"auto","background-attachment":"scroll","background-type":"","background-media":"","overlay-type":"","overlay-color":"","overlay-opacity":"","overlay-gradient":""}},"footnotes":""},"categories":[1],"tags":[492,437,313,507],"class_list":["post-21563","post","type-post","status-publish","format-standard","has-post-thumbnail","hentry","category-general","tag-6e-b-som-la-solucio","tag-metode_cientific","tag-cicle-superior","tag-dia-internacional-de-la-nena-i-la-dona-en-la-ciencia"],"post_mailing_queue_ids":[],"_links":{"self":[{"href":"https:\/\/agora.xtec.cat\/escolacharlesdarwin\/wp-json\/wp\/v2\/posts\/21563","targetHints":{"allow":["GET"]}}],"collection":[{"href":"https:\/\/agora.xtec.cat\/escolacharlesdarwin\/wp-json\/wp\/v2\/posts"}],"about":[{"href":"https:\/\/agora.xtec.cat\/escolacharlesdarwin\/wp-json\/wp\/v2\/types\/post"}],"author":[{"embeddable":true,"href":"https:\/\/agora.xtec.cat\/escolacharlesdarwin\/wp-json\/wp\/v2\/users\/24"}],"replies":[{"embeddable":true,"href":"https:\/\/agora.xtec.cat\/escolacharlesdarwin\/wp-json\/wp\/v2\/comments?post=21563"}],"version-history":[{"count":3,"href":"https:\/\/agora.xtec.cat\/escolacharlesdarwin\/wp-json\/wp\/v2\/posts\/21563\/revisions"}],"predecessor-version":[{"id":21829,"href":"https:\/\/agora.xtec.cat\/escolacharlesdarwin\/wp-json\/wp\/v2\/posts\/21563\/revisions\/21829"}],"wp:featuredmedia":[{"embeddable":true,"href":"https:\/\/agora.xtec.cat\/escolacharlesdarwin\/wp-json\/wp\/v2\/media\/21571"}],"wp:attachment":[{"href":"https:\/\/agora.xtec.cat\/escolacharlesdarwin\/wp-json\/wp\/v2\/media?parent=21563"}],"wp:term":[{"taxonomy":"category","embeddable":true,"href":"https:\/\/agora.xtec.cat\/escolacharlesdarwin\/wp-json\/wp\/v2\/categories?post=21563"},{"taxonomy":"post_tag","embeddable":true,"href":"https:\/\/agora.xtec.cat\/escolacharlesdarwin\/wp-json\/wp\/v2\/tags?post=21563"}],"curies":[{"name":"wp","href":"https:\/\/api.w.org\/{rel}","templated":true}]}}