{"id":21340,"date":"2021-11-30T11:23:18","date_gmt":"2021-11-30T10:23:18","guid":{"rendered":"https:\/\/agora.xtec.cat\/escolacharlesdarwin\/?p=21340"},"modified":"2022-01-17T11:58:07","modified_gmt":"2022-01-17T10:58:07","slug":"25n-dia-internacional-contra-la-violencia-de-genere","status":"publish","type":"post","link":"https:\/\/agora.xtec.cat\/escolacharlesdarwin\/general\/25n-dia-internacional-contra-la-violencia-de-genere\/","title":{"rendered":"25N DIA INTERNACIONAL CONTRA LA VIOL\u00c8NCIA DE G\u00c8NERE"},"content":{"rendered":"<p>Per commemorar el <strong>25 de novembre<\/strong>,\u00a0 dia internacional contra la viol\u00e8ncia de g\u00e8nere.<\/p>\n<p>A nivell l&#8217;escola, es van preparar diferents activitats, les quals es van anar treballar durant aquell dia.<\/p>\n<p>Vam comen\u00e7ar amb un taller amb fam\u00edlies. Els nens i nenes de la classe de 2nB van convidar a les fam\u00edlies a participar a un taller de manualitat, i aix\u00ed ajudar als infants a la realitzaci\u00f3 de les xapes, amb l&#8217;estampaci\u00f3 de les nostres pr\u00f2pies mans sobre paper blanc. Les vam complementar amb paraules boniques, d&#8217;amor.<\/p>\n<p>A continuaci\u00f3 vam veure un curt, el qual ens va fer reflexionar i conversar sobre diferents valors.<\/p>\n<p>A continuaci\u00f3 , vam escriure sobre p\u00f2sits de colors ,diferents paraules i missatges reivindicatius per enganxar-los a un mural col\u00b7lectiu, on tota l&#8217;escola feia les seves aportacions.<\/p>\n<p>Per finalitzar les activitats d&#8217;aquell dia, a la tarda ,vam sortir al pati a escoltar la lectura d\u2019un manifest.<\/p>\n<div class=\"addtoany_share_save_container addtoany_content addtoany_content_bottom\">\n<div class=\"a2a_kit a2a_kit_size_25 addtoany_list\" data-a2a-url=\"https:\/\/agora.xtec.cat\/escolacharlesdarwin\/2n-moli-de-vent\/dia-internacional-de-la-eliminacio-de-la-violencia-a-les-dones\/\" data-a2a-title=\"DIA INTERNACIONAL DE LA ELIMINACI\u00d3 DE LA VIOL\u00c8NCIA A LES DONES\"><\/div>\n<\/div>\n<p>&nbsp;<\/p>\n","protected":false},"excerpt":{"rendered":"<p>Per commemorar el 25 de novembre,\u00a0 dia internacional contra la viol\u00e8ncia de g\u00e8nere. A nivell l&#8217;escola, es van preparar diferents [&hellip;]<\/p>\n","protected":false},"author":1,"featured_media":0,"comment_status":"open","ping_status":"closed","sticky":false,"template":"","format":"standard","meta":{"site-sidebar-layout":"default","site-content-layout":"","ast-site-content-layout":"","site-content-style":"default","site-sidebar-style":"default","ast-global-header-display":"","ast-banner-title-visibility":"","ast-main-header-display":"","ast-hfb-above-header-display":"","ast-hfb-below-header-display":"","ast-hfb-mobile-header-display":"","site-post-title":"","ast-breadcrumbs-content":"","ast-featured-img":"","footer-sml-layout":"","theme-transparent-header-meta":"","adv-header-id-meta":"","stick-header-meta":"","header-above-stick-meta":"","header-main-stick-meta":"","header-below-stick-meta":"","astra-migrate-meta-layouts":"default","ast-page-background-enabled":"default","ast-page-background-meta":{"desktop":{"background-color":"var(--ast-global-color-4)","background-image":"","background-repeat":"repeat","background-position":"center center","background-size":"auto","background-attachment":"scroll","background-type":"","background-media":"","overlay-type":"","overlay-color":"","overlay-opacity":"","overlay-gradient":""},"tablet":{"background-color":"","background-image":"","background-repeat":"repeat","background-position":"center center","background-size":"auto","background-attachment":"scroll","background-type":"","background-media":"","overlay-type":"","overlay-color":"","overlay-opacity":"","overlay-gradient":""},"mobile":{"background-color":"","background-image":"","background-repeat":"repeat","background-position":"center center","background-size":"auto","background-attachment":"scroll","background-type":"","background-media":"","overlay-type":"","overlay-color":"","overlay-opacity":"","overlay-gradient":""}},"ast-content-background-meta":{"desktop":{"background-color":"var(--ast-global-color-5)","background-image":"","background-repeat":"repeat","background-position":"center center","background-size":"auto","background-attachment":"scroll","background-type":"","background-media":"","overlay-type":"","overlay-color":"","overlay-opacity":"","overlay-gradient":""},"tablet":{"background-color":"var(--ast-global-color-5)","background-image":"","background-repeat":"repeat","background-position":"center center","background-size":"auto","background-attachment":"scroll","background-type":"","background-media":"","overlay-type":"","overlay-color":"","overlay-opacity":"","overlay-gradient":""},"mobile":{"background-color":"var(--ast-global-color-5)","background-image":"","background-repeat":"repeat","background-position":"center center","background-size":"auto","background-attachment":"scroll","background-type":"","background-media":"","overlay-type":"","overlay-color":"","overlay-opacity":"","overlay-gradient":""}},"footnotes":""},"categories":[1],"tags":[],"class_list":["post-21340","post","type-post","status-publish","format-standard","hentry","category-general"],"post_mailing_queue_ids":[],"_links":{"self":[{"href":"https:\/\/agora.xtec.cat\/escolacharlesdarwin\/wp-json\/wp\/v2\/posts\/21340","targetHints":{"allow":["GET"]}}],"collection":[{"href":"https:\/\/agora.xtec.cat\/escolacharlesdarwin\/wp-json\/wp\/v2\/posts"}],"about":[{"href":"https:\/\/agora.xtec.cat\/escolacharlesdarwin\/wp-json\/wp\/v2\/types\/post"}],"author":[{"embeddable":true,"href":"https:\/\/agora.xtec.cat\/escolacharlesdarwin\/wp-json\/wp\/v2\/users\/1"}],"replies":[{"embeddable":true,"href":"https:\/\/agora.xtec.cat\/escolacharlesdarwin\/wp-json\/wp\/v2\/comments?post=21340"}],"version-history":[{"count":1,"href":"https:\/\/agora.xtec.cat\/escolacharlesdarwin\/wp-json\/wp\/v2\/posts\/21340\/revisions"}],"predecessor-version":[{"id":21341,"href":"https:\/\/agora.xtec.cat\/escolacharlesdarwin\/wp-json\/wp\/v2\/posts\/21340\/revisions\/21341"}],"wp:attachment":[{"href":"https:\/\/agora.xtec.cat\/escolacharlesdarwin\/wp-json\/wp\/v2\/media?parent=21340"}],"wp:term":[{"taxonomy":"category","embeddable":true,"href":"https:\/\/agora.xtec.cat\/escolacharlesdarwin\/wp-json\/wp\/v2\/categories?post=21340"},{"taxonomy":"post_tag","embeddable":true,"href":"https:\/\/agora.xtec.cat\/escolacharlesdarwin\/wp-json\/wp\/v2\/tags?post=21340"}],"curies":[{"name":"wp","href":"https:\/\/api.w.org\/{rel}","templated":true}]}}