{"id":21133,"date":"2021-12-20T17:47:25","date_gmt":"2021-12-20T16:47:25","guid":{"rendered":"https:\/\/agora.xtec.cat\/escolacharlesdarwin\/?p=21133"},"modified":"2021-12-20T17:47:25","modified_gmt":"2021-12-20T16:47:25","slug":"treballem-les-matematiques-amb-innovamat-2","status":"publish","type":"post","link":"https:\/\/agora.xtec.cat\/escolacharlesdarwin\/general\/treballem-les-matematiques-amb-innovamat-2\/","title":{"rendered":"TREBALLEM LES MATEM\u00c0TIQUES AMB INNOVAMAT"},"content":{"rendered":"<p><img decoding=\"async\" src=\"https:\/\/agora.xtec.cat\/escolacharlesdarwin\/wp-content\/uploads\/usu160\/2021\/12\/innovamat.png\" \/><\/p>\n<p>Benvolgudes fam\u00edlies,<\/p>\n<p>Aquest curs hem iniciat a Educaci\u00f3 Infantil una proposta did\u00e0ctica de\u00a0<strong>matem\u00e0tiques<\/strong>\u00a0que pret\u00e9n aconseguir un\u00a0<strong>aprenentatge m\u00e9s manipulatiu, competencial i significatiu<\/strong>\u00a0per als infants. Busquem que els nens i les nenes coneguin conceptes matem\u00e0tics com ara el comptatge, la geometria, la l\u00f2gica o l\u2019estad\u00edstica, entre d\u2019altres, i els descobreixin a poc a poc, per comprendre\u2019ls, consolidar-los i aplicar-los desenvolupant estrat\u00e8gies i ajudant-los a entendre que les matem\u00e0tiques s\u00f3n \u00fatils en molts moments de la seva vida, m\u00e9s enll\u00e0 de l\u2019aula.<\/p>\n<p>La diversitat d\u2019experi\u00e8ncies que proposem als infants pret\u00e9n despertar el seu inter\u00e8s amb sensibilitats, gustos i destreses diferents. La proposta consta de cinc din\u00e0miques d\u2019aula ben diferenciades, presentades a trav\u00e9s d\u2019un fil conductor i uns personatges que s\u00f3n els<a href=\"https:\/\/view.genial.ly\/61bf48d1ad17190e3ff77ff2\/interactive-content-els-crics-di5\"><strong>\u00a0Crics:<\/strong><\/a><\/p>\n<ul>\n<li><a href=\"https:\/\/photos.app.goo.gl\/e3hMtTQchLdyWsgG6\"><strong>Tallers<\/strong><\/a>: construim coneixement a trav\u00e9s de la descoberta i la manipulaci\u00f3. Els realitzem dijous al mat\u00ed amb mig grup.<\/li>\n<li><a href=\"https:\/\/photos.app.goo.gl\/nb1bRvmPZoyBLLEp8\"><strong>Racons<\/strong><\/a>: aterrem els aprenentatges amb propostes aut\u00f2nomes distribu\u00efdes per l\u2019aula. Els realitzem dilluns al mat\u00ed amb 2 mestres a l\u2019aula.<\/li>\n<li>Ambients: proposem diferents ambients plens de material i reptes que fomenten l\u2019aprenentatge lliure dels infants. Els integrem als ambients que realitzem dimecres a la tarda.<\/li>\n<li>Rutines: enriquim amb una mirada matem\u00e0tica petits moments del dia a dia. Les integrem als nostres h\u00e0bits i rutines di\u00e0ries.<\/li>\n<li><a href=\"https:\/\/photos.app.goo.gl\/NxE1vSja32EdieUD8\"><strong>Plataforma digital<\/strong><\/a>: els infants trien activitats interactives que s\u2019adapten al seu nivell. Fem servir la plataforma, dijous al mat\u00ed despr\u00e9s dels tallers i tamb\u00e9 el divendres.<\/li>\n<\/ul>\n","protected":false},"excerpt":{"rendered":"<p>Benvolgudes fam\u00edlies, Aquest curs hem iniciat a Educaci\u00f3 Infantil una proposta did\u00e0ctica de\u00a0matem\u00e0tiques\u00a0que pret\u00e9n aconseguir un\u00a0aprenentatge m\u00e9s manipulatiu, competencial i [&hellip;]<\/p>\n","protected":false},"author":40,"featured_media":21091,"comment_status":"open","ping_status":"closed","sticky":false,"template":"","format":"standard","meta":{"site-sidebar-layout":"default","site-content-layout":"","ast-site-content-layout":"","site-content-style":"default","site-sidebar-style":"default","ast-global-header-display":"","ast-banner-title-visibility":"","ast-main-header-display":"","ast-hfb-above-header-display":"","ast-hfb-below-header-display":"","ast-hfb-mobile-header-display":"","site-post-title":"","ast-breadcrumbs-content":"","ast-featured-img":"","footer-sml-layout":"","theme-transparent-header-meta":"","adv-header-id-meta":"","stick-header-meta":"","header-above-stick-meta":"","header-main-stick-meta":"","header-below-stick-meta":"","astra-migrate-meta-layouts":"default","ast-page-background-enabled":"default","ast-page-background-meta":{"desktop":{"background-color":"var(--ast-global-color-4)","background-image":"","background-repeat":"repeat","background-position":"center center","background-size":"auto","background-attachment":"scroll","background-type":"","background-media":"","overlay-type":"","overlay-color":"","overlay-opacity":"","overlay-gradient":""},"tablet":{"background-color":"","background-image":"","background-repeat":"repeat","background-position":"center center","background-size":"auto","background-attachment":"scroll","background-type":"","background-media":"","overlay-type":"","overlay-color":"","overlay-opacity":"","overlay-gradient":""},"mobile":{"background-color":"","background-image":"","background-repeat":"repeat","background-position":"center center","background-size":"auto","background-attachment":"scroll","background-type":"","background-media":"","overlay-type":"","overlay-color":"","overlay-opacity":"","overlay-gradient":""}},"ast-content-background-meta":{"desktop":{"background-color":"var(--ast-global-color-5)","background-image":"","background-repeat":"repeat","background-position":"center center","background-size":"auto","background-attachment":"scroll","background-type":"","background-media":"","overlay-type":"","overlay-color":"","overlay-opacity":"","overlay-gradient":""},"tablet":{"background-color":"var(--ast-global-color-5)","background-image":"","background-repeat":"repeat","background-position":"center center","background-size":"auto","background-attachment":"scroll","background-type":"","background-media":"","overlay-type":"","overlay-color":"","overlay-opacity":"","overlay-gradient":""},"mobile":{"background-color":"var(--ast-global-color-5)","background-image":"","background-repeat":"repeat","background-position":"center center","background-size":"auto","background-attachment":"scroll","background-type":"","background-media":"","overlay-type":"","overlay-color":"","overlay-opacity":"","overlay-gradient":""}},"footnotes":""},"categories":[1],"tags":[],"class_list":["post-21133","post","type-post","status-publish","format-standard","has-post-thumbnail","hentry","category-general"],"post_mailing_queue_ids":[],"_links":{"self":[{"href":"https:\/\/agora.xtec.cat\/escolacharlesdarwin\/wp-json\/wp\/v2\/posts\/21133","targetHints":{"allow":["GET"]}}],"collection":[{"href":"https:\/\/agora.xtec.cat\/escolacharlesdarwin\/wp-json\/wp\/v2\/posts"}],"about":[{"href":"https:\/\/agora.xtec.cat\/escolacharlesdarwin\/wp-json\/wp\/v2\/types\/post"}],"author":[{"embeddable":true,"href":"https:\/\/agora.xtec.cat\/escolacharlesdarwin\/wp-json\/wp\/v2\/users\/40"}],"replies":[{"embeddable":true,"href":"https:\/\/agora.xtec.cat\/escolacharlesdarwin\/wp-json\/wp\/v2\/comments?post=21133"}],"version-history":[{"count":3,"href":"https:\/\/agora.xtec.cat\/escolacharlesdarwin\/wp-json\/wp\/v2\/posts\/21133\/revisions"}],"predecessor-version":[{"id":21136,"href":"https:\/\/agora.xtec.cat\/escolacharlesdarwin\/wp-json\/wp\/v2\/posts\/21133\/revisions\/21136"}],"wp:featuredmedia":[{"embeddable":true,"href":"https:\/\/agora.xtec.cat\/escolacharlesdarwin\/wp-json\/wp\/v2\/media\/21091"}],"wp:attachment":[{"href":"https:\/\/agora.xtec.cat\/escolacharlesdarwin\/wp-json\/wp\/v2\/media?parent=21133"}],"wp:term":[{"taxonomy":"category","embeddable":true,"href":"https:\/\/agora.xtec.cat\/escolacharlesdarwin\/wp-json\/wp\/v2\/categories?post=21133"},{"taxonomy":"post_tag","embeddable":true,"href":"https:\/\/agora.xtec.cat\/escolacharlesdarwin\/wp-json\/wp\/v2\/tags?post=21133"}],"curies":[{"name":"wp","href":"https:\/\/api.w.org\/{rel}","templated":true}]}}