{"id":21030,"date":"2021-12-08T20:33:34","date_gmt":"2021-12-08T19:33:34","guid":{"rendered":"https:\/\/agora.xtec.cat\/escolacharlesdarwin\/?p=21030"},"modified":"2021-12-08T20:34:19","modified_gmt":"2021-12-08T19:34:19","slug":"els-fenix-cities-diem-no-a-la-violencia-contra-les-dones","status":"publish","type":"post","link":"https:\/\/agora.xtec.cat\/escolacharlesdarwin\/general\/els-fenix-cities-diem-no-a-la-violencia-contra-les-dones\/","title":{"rendered":"ELS F\u00c8NIX CITIES DIEM &#8220;NO&#8221; A LA VIOL\u00c8NCIA CONTRA LES DONES"},"content":{"rendered":"<p><a href=\"https:\/\/agora.xtec.cat\/escolacharlesdarwin\/wp-content\/uploads\/usu160\/2021\/12\/1638987146238-scaled.jpg\"><img loading=\"lazy\" decoding=\"async\" class=\"alignnone size-large wp-image-21031\" src=\"https:\/\/agora.xtec.cat\/escolacharlesdarwin\/wp-content\/uploads\/usu160\/2021\/12\/1638987146238-1024x378.jpg\" alt=\"\" width=\"1024\" height=\"378\" srcset=\"https:\/\/agora.xtec.cat\/escolacharlesdarwin\/wp-content\/uploads\/usu160\/2021\/12\/1638987146238-1024x378.jpg 1024w, https:\/\/agora.xtec.cat\/escolacharlesdarwin\/wp-content\/uploads\/usu160\/2021\/12\/1638987146238-300x111.jpg 300w, https:\/\/agora.xtec.cat\/escolacharlesdarwin\/wp-content\/uploads\/usu160\/2021\/12\/1638987146238-768x283.jpg 768w, https:\/\/agora.xtec.cat\/escolacharlesdarwin\/wp-content\/uploads\/usu160\/2021\/12\/1638987146238-1536x566.jpg 1536w, https:\/\/agora.xtec.cat\/escolacharlesdarwin\/wp-content\/uploads\/usu160\/2021\/12\/1638987146238-2048x755.jpg 2048w\" sizes=\"auto, (max-width: 1024px) 100vw, 1024px\" \/><\/a><\/p>\n<p><span style=\"font-weight: 400\">El 25 de novembre \u00e9s el Dia Internacional de l&#8217;Eliminaci\u00f3 de la Viol\u00e8ncia contra les Dones, i a l&#8217;escola ho vam voler treballar. Van venir la mare de l\u2019\u00d3scar i la mare de l&#8217;\u00c8rika i, amb elles, vam parlar sobre la viol\u00e8ncia contra les dones, qu\u00e8 fer per que no passi, com hem d&#8217;actuar, qu\u00e8 podem fer els nen@s per lluitar contra aquest problema etc.\u00a0\u00a0<\/span><\/p>\n<p><span style=\"font-weight: 400\">Vam treballar-ho escoltant dues can\u00e7ons. La primera, que era en angl\u00e8s, va ser &#8220;Luka&#8221;, de la Suzanne Vega. Mentre l&#8217;escolt\u00e0vem intent\u00e0vem traduir-la al catal\u00e0 amb l&#8217;ajuda de la Celestine, la professora d&#8217;angl\u00e8s&#8230; ens va costar una mica, per\u00f2 ho vam aconseguir. Despr\u00e9s vam escoltar la can\u00e7\u00f3 &#8220;<\/span><span style=\"font-weight: 400\">Malo&#8221;, que canta la Bebe en castell\u00e0, i vam haver d&#8217; omplir els buits de paraules que hi havia, aquesta ja va ser m\u00e9s f\u00e0cil, per sort. Amb aquestes dues can\u00e7ons vam veure les diferents maneres com les dones s&#8217;enfronten a les situacions de viol\u00e8ncia i vam insistir en la import\u00e0ncia de denunciar aquestes situacions.<\/span><\/p>\n<p><span style=\"font-weight: 400\">Abans del pati la Cristina ens va explicar qu\u00e8 fariem despr\u00e9s: unes pancartes amb dibuixos (per decorar) i amb una frase escrita que fes refer\u00e8ncia al dia en contra de la viol\u00e8ncia contra les dones. Les fariem servir a la tarda, quan sortiriem al pati per escoltar al Marc i la Vanessa que <\/span><span style=\"font-weight: 400\">llegirien un manifest sobre la import\u00e0ncia de dir no a aquest tipus de viol\u00e8ncia.<\/span><\/p>\n<p><span style=\"font-weight: 400\">Nosaltres vam fer les pancartes i tot el cole va fer alguna cosa per mostrar el seu rebuig a la viol\u00e8ncia contra les dones: els nens i nenes de P4 van fer-se una m\u00e0 lila i se la van posar al cap, els de 2n van fer un lla\u00e7 gran envoltant quasi tot el seu cos&#8230;\u00a0<\/span><\/p>\n<p><span style=\"font-weight: 400\">Finalment, a la tarda, va sortir tot el cole al pati des de P3 fins a 6\u00e8 i vam fer la lectura del manifest&#8230; va ser molt emotiu!!!<\/span><\/p>\n<p><span style=\"font-weight: 400\">I aix\u00ed \u00e9s com vam treballar el dia de no a la viol\u00e8ncia contra les dones, va se un dia molt divertit i profit\u00f3s per que vam aprendre coses noves.<\/span><\/p>\n<p>Aqu\u00ed us deixem unes\u00a0<a href=\"https:\/\/photos.app.goo.gl\/4MPQgfQb3un157Xw5\">fotos<\/a> d&#8217;aquest dia. Esperem que us agradin!!<\/p>\n<p style=\"text-align: right\">Ona Puig i Oumar Rom\u00e1n<\/p>\n<p>&nbsp;<\/p>\n","protected":false},"excerpt":{"rendered":"<p>El 25 de novembre \u00e9s el Dia Internacional de l&#8217;Eliminaci\u00f3 de la Viol\u00e8ncia contra les Dones, i a l&#8217;escola ho [&hellip;]<\/p>\n","protected":false},"author":18,"featured_media":21031,"comment_status":"open","ping_status":"closed","sticky":false,"template":"","format":"standard","meta":{"site-sidebar-layout":"default","site-content-layout":"","ast-site-content-layout":"","site-content-style":"default","site-sidebar-style":"default","ast-global-header-display":"","ast-banner-title-visibility":"","ast-main-header-display":"","ast-hfb-above-header-display":"","ast-hfb-below-header-display":"","ast-hfb-mobile-header-display":"","site-post-title":"","ast-breadcrumbs-content":"","ast-featured-img":"","footer-sml-layout":"","theme-transparent-header-meta":"","adv-header-id-meta":"","stick-header-meta":"","header-above-stick-meta":"","header-main-stick-meta":"","header-below-stick-meta":"","astra-migrate-meta-layouts":"default","ast-page-background-enabled":"default","ast-page-background-meta":{"desktop":{"background-color":"var(--ast-global-color-4)","background-image":"","background-repeat":"repeat","background-position":"center center","background-size":"auto","background-attachment":"scroll","background-type":"","background-media":"","overlay-type":"","overlay-color":"","overlay-opacity":"","overlay-gradient":""},"tablet":{"background-color":"","background-image":"","background-repeat":"repeat","background-position":"center center","background-size":"auto","background-attachment":"scroll","background-type":"","background-media":"","overlay-type":"","overlay-color":"","overlay-opacity":"","overlay-gradient":""},"mobile":{"background-color":"","background-image":"","background-repeat":"repeat","background-position":"center center","background-size":"auto","background-attachment":"scroll","background-type":"","background-media":"","overlay-type":"","overlay-color":"","overlay-opacity":"","overlay-gradient":""}},"ast-content-background-meta":{"desktop":{"background-color":"var(--ast-global-color-5)","background-image":"","background-repeat":"repeat","background-position":"center center","background-size":"auto","background-attachment":"scroll","background-type":"","background-media":"","overlay-type":"","overlay-color":"","overlay-opacity":"","overlay-gradient":""},"tablet":{"background-color":"var(--ast-global-color-5)","background-image":"","background-repeat":"repeat","background-position":"center center","background-size":"auto","background-attachment":"scroll","background-type":"","background-media":"","overlay-type":"","overlay-color":"","overlay-opacity":"","overlay-gradient":""},"mobile":{"background-color":"var(--ast-global-color-5)","background-image":"","background-repeat":"repeat","background-position":"center center","background-size":"auto","background-attachment":"scroll","background-type":"","background-media":"","overlay-type":"","overlay-color":"","overlay-opacity":"","overlay-gradient":""}},"footnotes":""},"categories":[1],"tags":[502,488,313],"class_list":["post-21030","post","type-post","status-publish","format-standard","has-post-thumbnail","hentry","category-general","tag-25n","tag-fenixcities","tag-cicle-superior"],"post_mailing_queue_ids":[],"_links":{"self":[{"href":"https:\/\/agora.xtec.cat\/escolacharlesdarwin\/wp-json\/wp\/v2\/posts\/21030","targetHints":{"allow":["GET"]}}],"collection":[{"href":"https:\/\/agora.xtec.cat\/escolacharlesdarwin\/wp-json\/wp\/v2\/posts"}],"about":[{"href":"https:\/\/agora.xtec.cat\/escolacharlesdarwin\/wp-json\/wp\/v2\/types\/post"}],"author":[{"embeddable":true,"href":"https:\/\/agora.xtec.cat\/escolacharlesdarwin\/wp-json\/wp\/v2\/users\/18"}],"replies":[{"embeddable":true,"href":"https:\/\/agora.xtec.cat\/escolacharlesdarwin\/wp-json\/wp\/v2\/comments?post=21030"}],"version-history":[{"count":2,"href":"https:\/\/agora.xtec.cat\/escolacharlesdarwin\/wp-json\/wp\/v2\/posts\/21030\/revisions"}],"predecessor-version":[{"id":21033,"href":"https:\/\/agora.xtec.cat\/escolacharlesdarwin\/wp-json\/wp\/v2\/posts\/21030\/revisions\/21033"}],"wp:featuredmedia":[{"embeddable":true,"href":"https:\/\/agora.xtec.cat\/escolacharlesdarwin\/wp-json\/wp\/v2\/media\/21031"}],"wp:attachment":[{"href":"https:\/\/agora.xtec.cat\/escolacharlesdarwin\/wp-json\/wp\/v2\/media?parent=21030"}],"wp:term":[{"taxonomy":"category","embeddable":true,"href":"https:\/\/agora.xtec.cat\/escolacharlesdarwin\/wp-json\/wp\/v2\/categories?post=21030"},{"taxonomy":"post_tag","embeddable":true,"href":"https:\/\/agora.xtec.cat\/escolacharlesdarwin\/wp-json\/wp\/v2\/tags?post=21030"}],"curies":[{"name":"wp","href":"https:\/\/api.w.org\/{rel}","templated":true}]}}