{"id":20833,"date":"2021-11-20T11:25:09","date_gmt":"2021-11-20T10:25:09","guid":{"rendered":"https:\/\/agora.xtec.cat\/escolacharlesdarwin\/?p=20833"},"modified":"2021-11-20T12:03:44","modified_gmt":"2021-11-20T11:03:44","slug":"4t-dia-erasmus-trevozzo-i-agazzano","status":"publish","type":"post","link":"https:\/\/agora.xtec.cat\/escolacharlesdarwin\/general\/4t-dia-erasmus-trevozzo-i-agazzano\/","title":{"rendered":"4t dia Erasmus+: Trevozzo i Agazzano"},"content":{"rendered":"<p>El 4t dia hem visitat dues escoles m\u00e9s a la Vall. En primer lloc, hem estat a l&#8217;escola de Prim\u00e0ria de Trevozzo. Tot l&#8217;alumnat de l&#8217;escola ens estava esperant al jard\u00ed i ens han donat la benvinguda amb banderins de gira-sols. A continuaci\u00f3 hem visitat l&#8217;hort i hem ajudat als nens i nenes de 4t a plantar alls.<\/p>\n\r\n\t<div class=\"slideshow_container slideshow_container_style-light\" style=\"height: 300px; \" data-slideshow-id=\"20841\" data-style-name=\"style-light\" data-style-version=\"2.3.1\" >\r\n\r\n\t\t\t\t\t<div class=\"slideshow_loading_icon\"><\/div>\r\n\t\t\r\n\t\t<div class=\"slideshow_content\" style=\"display: none;\">\r\n\r\n\t\t\t<div class=\"slideshow_view\">\r\n\t\t\t\t<div class=\"slideshow_slide slideshow_slide_image\">\r\n\t\t\t\t\t\t\t\t\t\t\t<img src=\"https:\/\/agora.xtec.cat\/escolacharlesdarwin\/wp-content\/uploads\/usu160\/2021\/11\/trevozzo9.jpeg\" alt=\"trevozzo9\" width=\"768\" height=\"1024\" \/>\r\n\t\t\t\t\t\t\t\t\t\t<div class=\"slideshow_description_box slideshow_transparent\">\r\n\t\t\t\t\t\t\t\t\t\t\t\t\t\t\t\t\t<\/div>\r\n\t\t\t\t<\/div>\r\n\r\n\t\t\t\t\t\t<div style=\"clear: both;\"><\/div><\/div><div class=\"slideshow_view\">\r\n\t\t\t\t<div class=\"slideshow_slide slideshow_slide_image\">\r\n\t\t\t\t\t\t\t\t\t\t\t<img src=\"https:\/\/agora.xtec.cat\/escolacharlesdarwin\/wp-content\/uploads\/usu160\/2021\/11\/trevozzo8.jpeg\" alt=\"Osso. Michele Serra\" width=\"768\" height=\"1024\" \/>\r\n\t\t\t\t\t\t\t\t\t\t<div class=\"slideshow_description_box slideshow_transparent\">\r\n\t\t\t\t\t\t<div class=\"slideshow_title\">Osso. Michele Serra<\/div>\t\t\t\t\t\t\t\t\t\t\t<\/div>\r\n\t\t\t\t<\/div>\r\n\r\n\t\t\t\t\t\t<div style=\"clear: both;\"><\/div><\/div><div class=\"slideshow_view\">\r\n\t\t\t\t<div class=\"slideshow_slide slideshow_slide_image\">\r\n\t\t\t\t\t\t\t\t\t\t\t<img src=\"https:\/\/agora.xtec.cat\/escolacharlesdarwin\/wp-content\/uploads\/usu160\/2021\/11\/TRevozzo7.jpeg\" alt=\"Descripci\u00f3\" width=\"768\" height=\"1024\" \/>\r\n\t\t\t\t\t\t\t\t\t\t<div class=\"slideshow_description_box slideshow_transparent\">\r\n\t\t\t\t\t\t<div class=\"slideshow_title\">Descripci\u00f3<\/div>\t\t\t\t\t\t\t\t\t\t\t<\/div>\r\n\t\t\t\t<\/div>\r\n\r\n\t\t\t\t\t\t<div style=\"clear: both;\"><\/div><\/div><div class=\"slideshow_view\">\r\n\t\t\t\t<div class=\"slideshow_slide slideshow_slide_image\">\r\n\t\t\t\t\t\t\t\t\t\t\t<img src=\"https:\/\/agora.xtec.cat\/escolacharlesdarwin\/wp-content\/uploads\/usu160\/2021\/11\/TRevozzo6.jpeg\" alt=\"TRevozzo6\" width=\"1024\" height=\"768\" \/>\r\n\t\t\t\t\t\t\t\t\t\t<div class=\"slideshow_description_box slideshow_transparent\">\r\n\t\t\t\t\t\t\t\t\t\t\t\t\t\t\t\t\t<\/div>\r\n\t\t\t\t<\/div>\r\n\r\n\t\t\t\t\t\t<div style=\"clear: both;\"><\/div><\/div><div class=\"slideshow_view\">\r\n\t\t\t\t<div class=\"slideshow_slide slideshow_slide_image\">\r\n\t\t\t\t\t\t\t\t\t\t\t<img src=\"https:\/\/agora.xtec.cat\/escolacharlesdarwin\/wp-content\/uploads\/usu160\/2021\/11\/TRevozzo5.jpeg\" alt=\"Agli\" width=\"1024\" height=\"768\" \/>\r\n\t\t\t\t\t\t\t\t\t\t<div class=\"slideshow_description_box slideshow_transparent\">\r\n\t\t\t\t\t\t<div class=\"slideshow_title\">Agli<\/div>\t\t\t\t\t\t\t\t\t\t\t<\/div>\r\n\t\t\t\t<\/div>\r\n\r\n\t\t\t\t\t\t<div style=\"clear: both;\"><\/div><\/div><div class=\"slideshow_view\">\r\n\t\t\t\t<div class=\"slideshow_slide slideshow_slide_image\">\r\n\t\t\t\t\t\t\t\t\t\t\t<img src=\"https:\/\/agora.xtec.cat\/escolacharlesdarwin\/wp-content\/uploads\/usu160\/2021\/11\/trevozzo4.jpeg\" alt=\"Hort Trevozzo\" width=\"1024\" height=\"768\" \/>\r\n\t\t\t\t\t\t\t\t\t\t<div class=\"slideshow_description_box slideshow_transparent\">\r\n\t\t\t\t\t\t<div class=\"slideshow_title\">Hort Trevozzo<\/div>\t\t\t\t\t\t\t\t\t\t\t<\/div>\r\n\t\t\t\t<\/div>\r\n\r\n\t\t\t\t\t\t<div style=\"clear: both;\"><\/div><\/div><div class=\"slideshow_view\">\r\n\t\t\t\t<div class=\"slideshow_slide slideshow_slide_image\">\r\n\t\t\t\t\t\t\t\t\t\t\t<img src=\"https:\/\/agora.xtec.cat\/escolacharlesdarwin\/wp-content\/uploads\/usu160\/2021\/11\/trevozzo3.jpeg\" alt=\"trevozzo3\" width=\"1024\" height=\"768\" \/>\r\n\t\t\t\t\t\t\t\t\t\t<div class=\"slideshow_description_box slideshow_transparent\">\r\n\t\t\t\t\t\t<div class=\"slideshow_title\">trevozzo3<\/div>\t\t\t\t\t\t\t\t\t\t\t<\/div>\r\n\t\t\t\t<\/div>\r\n\r\n\t\t\t\t\t\t<div style=\"clear: both;\"><\/div><\/div><div class=\"slideshow_view\">\r\n\t\t\t\t<div class=\"slideshow_slide slideshow_slide_image\">\r\n\t\t\t\t\t\t\t\t\t\t\t<img src=\"https:\/\/agora.xtec.cat\/escolacharlesdarwin\/wp-content\/uploads\/usu160\/2021\/11\/trevozzo2.jpeg\" alt=\"Rebuda a Trevozzo\" width=\"1024\" height=\"768\" \/>\r\n\t\t\t\t\t\t\t\t\t\t<div class=\"slideshow_description_box slideshow_transparent\">\r\n\t\t\t\t\t\t<div class=\"slideshow_title\">Rebuda a Trevozzo<\/div>\t\t\t\t\t\t\t\t\t\t\t<\/div>\r\n\t\t\t\t<\/div>\r\n\r\n\t\t\t\t\t\t<div style=\"clear: both;\"><\/div><\/div>\r\n\t\t<\/div>\r\n\r\n\t\t<div class=\"slideshow_controlPanel slideshow_transparent\" style=\"display: none;\"><ul><li class=\"slideshow_togglePlay\" data-play-text=\"Visualitza\" data-pause-text=\"Pausa\"><\/li><\/ul><\/div>\r\n\r\n\t\t<div class=\"slideshow_button slideshow_previous slideshow_transparent\" role=\"button\" data-previous-text=\"Anterior\" style=\"display: none;\"><\/div>\r\n\t\t<div class=\"slideshow_button slideshow_next slideshow_transparent\" role=\"button\" data-next-text=\"Seg\u00fcent\" style=\"display: none;\"><\/div>\r\n\r\n\t\t<div class=\"slideshow_pagination\" style=\"display: none;\" data-go-to-text=\"V\u00e9s a la diapositiva\"><div class=\"slideshow_pagination_center\"><\/div><\/div>\r\n\r\n\t\t<!-- WordPress Slideshow Version 2.3.1 -->\r\n\r\n\t\t\t<\/div>\r\n\r\n\n<p><img loading=\"lazy\" decoding=\"async\" class=\"size-full wp-image-20852 alignleft\" src=\"https:\/\/agora.xtec.cat\/escolacharlesdarwin\/wp-content\/uploads\/usu160\/2021\/11\/sabates-trevozzo.jpg\" alt=\"\" width=\"200\" height=\"150\" \/>A l&#8217;interior de l&#8217;escola toth@m va en sabatilles. El projecte &#8220;Scuola sensa scarpi&#8221; pret\u00e8n generar un clima familiar i relaxant, amb la intenci\u00f3 de reduir el soroll de les sabates. Hem conegut a la Federica, una mestra passional que ens ha traslladat al m\u00f3n de les emocions lligant la lectura d&#8217;un llibre als sentiments que es deriven. El llibre &#8220;Osso&#8221; (ossos) de Michele Serra acompanya als infants a compartir com es senten davant de situacions concretes.<\/p>\n<p>&nbsp;<\/p>\n<p><em>Un racconto semplice ma intenso che tocca temi importanti come la natura pi\u00f9 profonda dell&#8217;uomo e il suo rapporto con il mondo che lo circonda. Questa storia inizia con l&#8217;apparizione di un cane. Un cane sbucato da chiss\u00e0 dove, magro ed emaciato che a malapena riesce a reggersi sulle zampe. A notarlo \u00e8 un vecchio che abita al limitare del bosco, anche se nemmeno lui ricorda da quanto tempo non vi si inoltri. L&#8217;uomo vorrebbe avvicinarlo ma l&#8217;animale, spaventato, sparisce rapidamente tra gli alberi. Non sa se l&#8217;animale torner\u00e0 ma sa che se riuscir\u00e0 a farlo fermare con s\u00e9, potr\u00e0 salvarsi. Comincia col dargli un nome: Osso. Poi si mette ad aspettare, con una ciotola di cibo appoggiata sul prato. E di lunghe attese sar\u00e0 fatto l&#8217;avvicinarsi e il conoscersi del vecchio e del cane. A fargli compagnia \u00e8 la piccola Lucilla, a cui il nonno racconta i propri sogni. Sogni che permettono ai due di tornare indietro di migliaia di anni, al primo incontro non cruento tra uomo e lupo, e di riscoprire di che cosa sia fatto il nostro stare sulla Terra come uomini.<\/em><\/p>\n<p>Despr\u00e9s, ens hem dirigit a Agazzano. La mestra de m\u00fasica Elvira Giac\u00f2 ens ha ofert un mini concert amb can\u00e7ons pr\u00f2pies del can\u00e7oner tradicional infantil. Ha estat un moment m\u00e0gic de cant coral.<\/p>\n\r\n\t<div class=\"slideshow_container slideshow_container_style-light\" style=\"height: 300px; \" data-slideshow-id=\"20855\" data-style-name=\"style-light\" data-style-version=\"2.3.1\" >\r\n\r\n\t\t\t\t\t<div class=\"slideshow_loading_icon\"><\/div>\r\n\t\t\r\n\t\t<div class=\"slideshow_content\" style=\"display: none;\">\r\n\r\n\t\t\t<div class=\"slideshow_view\">\r\n\t\t\t\t<div class=\"slideshow_slide slideshow_slide_image\">\r\n\t\t\t\t\t\t\t\t\t\t\t<img src=\"https:\/\/agora.xtec.cat\/escolacharlesdarwin\/wp-content\/uploads\/usu160\/2021\/11\/IMG_0047.jpeg\" alt=\"IMG_0047\" width=\"200\" height=\"150\" \/>\r\n\t\t\t\t\t\t\t\t\t\t<div class=\"slideshow_description_box slideshow_transparent\">\r\n\t\t\t\t\t\t\t\t\t\t\t\t\t\t\t\t\t<\/div>\r\n\t\t\t\t<\/div>\r\n\r\n\t\t\t\t\t\t<div style=\"clear: both;\"><\/div><\/div><div class=\"slideshow_view\">\r\n\t\t\t\t<div class=\"slideshow_slide slideshow_slide_image\">\r\n\t\t\t\t\t\t\t\t\t\t\t<img src=\"https:\/\/agora.xtec.cat\/escolacharlesdarwin\/wp-content\/uploads\/usu160\/2021\/11\/Agazzano4.jpeg\" alt=\"Agazzano4\" width=\"768\" height=\"1024\" \/>\r\n\t\t\t\t\t\t\t\t\t\t<div class=\"slideshow_description_box slideshow_transparent\">\r\n\t\t\t\t\t\t<div class=\"slideshow_title\">Agazzano4<\/div>\t\t\t\t\t\t\t\t\t\t\t<\/div>\r\n\t\t\t\t<\/div>\r\n\r\n\t\t\t\t\t\t<div style=\"clear: both;\"><\/div><\/div><div class=\"slideshow_view\">\r\n\t\t\t\t<div class=\"slideshow_slide slideshow_slide_image\">\r\n\t\t\t\t\t\t\t\t\t\t\t<img src=\"https:\/\/agora.xtec.cat\/escolacharlesdarwin\/wp-content\/uploads\/usu160\/2021\/11\/Agazzano2.jpeg\" alt=\"Agazzano2\" width=\"1024\" height=\"768\" \/>\r\n\t\t\t\t\t\t\t\t\t\t<div class=\"slideshow_description_box slideshow_transparent\">\r\n\t\t\t\t\t\t\t\t\t\t\t\t\t\t\t\t\t<\/div>\r\n\t\t\t\t<\/div>\r\n\r\n\t\t\t\t\t\t<div style=\"clear: both;\"><\/div><\/div><div class=\"slideshow_view\">\r\n\t\t\t\t<div class=\"slideshow_slide slideshow_slide_image\">\r\n\t\t\t\t\t\t\t\t\t\t\t<img src=\"https:\/\/agora.xtec.cat\/escolacharlesdarwin\/wp-content\/uploads\/usu160\/2021\/11\/Agazzano1.jpeg\" alt=\"Agazzano1\" width=\"1024\" height=\"768\" \/>\r\n\t\t\t\t\t\t\t\t\t\t<div class=\"slideshow_description_box slideshow_transparent\">\r\n\t\t\t\t\t\t<div class=\"slideshow_title\">Agazzano1<\/div>\t\t\t\t\t\t\t\t\t\t\t<\/div>\r\n\t\t\t\t<\/div>\r\n\r\n\t\t\t\t\t\t<div style=\"clear: both;\"><\/div><\/div>\r\n\t\t<\/div>\r\n\r\n\t\t<div class=\"slideshow_controlPanel slideshow_transparent\" style=\"display: none;\"><ul><li class=\"slideshow_togglePlay\" data-play-text=\"Visualitza\" data-pause-text=\"Pausa\"><\/li><\/ul><\/div>\r\n\r\n\t\t<div class=\"slideshow_button slideshow_previous slideshow_transparent\" role=\"button\" data-previous-text=\"Anterior\" style=\"display: none;\"><\/div>\r\n\t\t<div class=\"slideshow_button slideshow_next slideshow_transparent\" role=\"button\" data-next-text=\"Seg\u00fcent\" style=\"display: none;\"><\/div>\r\n\r\n\t\t<div class=\"slideshow_pagination\" style=\"display: none;\" data-go-to-text=\"V\u00e9s a la diapositiva\"><div class=\"slideshow_pagination_center\"><\/div><\/div>\r\n\r\n\t\t<!-- WordPress Slideshow Version 2.3.1 -->\r\n\r\n\t\t\t<\/div>\r\n\r\n\n<p>A continuaci\u00f3 hem conegut a la mestra Antonella Varesi, experta i apassionada de les mates. L&#8217;Antonella escriu en un blog de creaci\u00f3 matem\u00e0tica. Pertany a un grup de recerca que basa la investigaci\u00f3 en: Bohec&#8217;s book &#8220;Il testo libero di matematica&#8221;. Ella \u00e9s l&#8217;encarregada d&#8217;organitzar la formaci\u00f3 al seu centre.<\/p>\n<p><a href=\"https:\/\/store.streetlib.com\/it\/paul-le-bohec\/il-testo-libero-di-matematica\">https:\/\/store.streetlib.com\/it\/paul-le-bohec\/il-testo-libero-di-matematica<\/a><\/p>\n<p><a href=\"http:\/\/creazionimatematiche.mce-fimem.it\/il-percorso-didattico\/simmetrie-numeriche\/#\">http:\/\/creazionimatematiche.mce-fimem.it\/il-percorso-didattico\/simmetrie-numeriche\/#<\/a><\/p>\n<p>Amb ella i el seu grup hem visitat un castell proper a l&#8217;escola. L&#8217;alumnat surt amb freq\u00fc\u00e8ncia del recinte escolar per fer activitats relacionades amb la natura. Dos dies en setmana es traslladen a l&#8217;hort, l&#8217;Orto Marameo. All\u00e0 fan classes d&#8217;horticultura i temes de sostenibilitat.<\/p>\n<p>Per acabar el dia, hem tingut la sort de visitar la Rocca D&#8217;olgisio. La guia ha estat la mestra Annalisa Gattoni. L&#8217;Annalisa \u00e9s llicenciada en hist\u00f2ria d&#8217;art i una gran apassionada dels castells. Hem situat moments de la hist\u00f2ria de la Rep\u00fablica i de la segona guerra mundial. Ha estat un dia ple d&#8217;emocions!<\/p>\n<p><img loading=\"lazy\" decoding=\"async\" class=\"aligncenter size-full wp-image-20854\" src=\"https:\/\/agora.xtec.cat\/escolacharlesdarwin\/wp-content\/uploads\/usu160\/2021\/11\/castello.png\" alt=\"\" width=\"200\" height=\"150\" \/><\/p>\n","protected":false},"excerpt":{"rendered":"<p>El 4t dia hem visitat dues escoles m\u00e9s a la Vall. En primer lloc, hem estat a l&#8217;escola de Prim\u00e0ria [&hellip;]<\/p>\n","protected":false},"author":1,"featured_media":20839,"comment_status":"open","ping_status":"closed","sticky":false,"template":"","format":"standard","meta":{"site-sidebar-layout":"default","site-content-layout":"","ast-site-content-layout":"","site-content-style":"default","site-sidebar-style":"default","ast-global-header-display":"","ast-banner-title-visibility":"","ast-main-header-display":"","ast-hfb-above-header-display":"","ast-hfb-below-header-display":"","ast-hfb-mobile-header-display":"","site-post-title":"","ast-breadcrumbs-content":"","ast-featured-img":"","footer-sml-layout":"","theme-transparent-header-meta":"","adv-header-id-meta":"","stick-header-meta":"","header-above-stick-meta":"","header-main-stick-meta":"","header-below-stick-meta":"","astra-migrate-meta-layouts":"default","ast-page-background-enabled":"default","ast-page-background-meta":{"desktop":{"background-color":"var(--ast-global-color-4)","background-image":"","background-repeat":"repeat","background-position":"center center","background-size":"auto","background-attachment":"scroll","background-type":"","background-media":"","overlay-type":"","overlay-color":"","overlay-opacity":"","overlay-gradient":""},"tablet":{"background-color":"","background-image":"","background-repeat":"repeat","background-position":"center center","background-size":"auto","background-attachment":"scroll","background-type":"","background-media":"","overlay-type":"","overlay-color":"","overlay-opacity":"","overlay-gradient":""},"mobile":{"background-color":"","background-image":"","background-repeat":"repeat","background-position":"center center","background-size":"auto","background-attachment":"scroll","background-type":"","background-media":"","overlay-type":"","overlay-color":"","overlay-opacity":"","overlay-gradient":""}},"ast-content-background-meta":{"desktop":{"background-color":"var(--ast-global-color-5)","background-image":"","background-repeat":"repeat","background-position":"center center","background-size":"auto","background-attachment":"scroll","background-type":"","background-media":"","overlay-type":"","overlay-color":"","overlay-opacity":"","overlay-gradient":""},"tablet":{"background-color":"var(--ast-global-color-5)","background-image":"","background-repeat":"repeat","background-position":"center center","background-size":"auto","background-attachment":"scroll","background-type":"","background-media":"","overlay-type":"","overlay-color":"","overlay-opacity":"","overlay-gradient":""},"mobile":{"background-color":"var(--ast-global-color-5)","background-image":"","background-repeat":"repeat","background-position":"center center","background-size":"auto","background-attachment":"scroll","background-type":"","background-media":"","overlay-type":"","overlay-color":"","overlay-opacity":"","overlay-gradient":""}},"footnotes":""},"categories":[1,4],"tags":[],"class_list":["post-20833","post","type-post","status-publish","format-standard","has-post-thumbnail","hentry","category-general","category-portada"],"post_mailing_queue_ids":[],"_links":{"self":[{"href":"https:\/\/agora.xtec.cat\/escolacharlesdarwin\/wp-json\/wp\/v2\/posts\/20833","targetHints":{"allow":["GET"]}}],"collection":[{"href":"https:\/\/agora.xtec.cat\/escolacharlesdarwin\/wp-json\/wp\/v2\/posts"}],"about":[{"href":"https:\/\/agora.xtec.cat\/escolacharlesdarwin\/wp-json\/wp\/v2\/types\/post"}],"author":[{"embeddable":true,"href":"https:\/\/agora.xtec.cat\/escolacharlesdarwin\/wp-json\/wp\/v2\/users\/1"}],"replies":[{"embeddable":true,"href":"https:\/\/agora.xtec.cat\/escolacharlesdarwin\/wp-json\/wp\/v2\/comments?post=20833"}],"version-history":[{"count":3,"href":"https:\/\/agora.xtec.cat\/escolacharlesdarwin\/wp-json\/wp\/v2\/posts\/20833\/revisions"}],"predecessor-version":[{"id":20870,"href":"https:\/\/agora.xtec.cat\/escolacharlesdarwin\/wp-json\/wp\/v2\/posts\/20833\/revisions\/20870"}],"wp:featuredmedia":[{"embeddable":true,"href":"https:\/\/agora.xtec.cat\/escolacharlesdarwin\/wp-json\/wp\/v2\/media\/20839"}],"wp:attachment":[{"href":"https:\/\/agora.xtec.cat\/escolacharlesdarwin\/wp-json\/wp\/v2\/media?parent=20833"}],"wp:term":[{"taxonomy":"category","embeddable":true,"href":"https:\/\/agora.xtec.cat\/escolacharlesdarwin\/wp-json\/wp\/v2\/categories?post=20833"},{"taxonomy":"post_tag","embeddable":true,"href":"https:\/\/agora.xtec.cat\/escolacharlesdarwin\/wp-json\/wp\/v2\/tags?post=20833"}],"curies":[{"name":"wp","href":"https:\/\/api.w.org\/{rel}","templated":true}]}}