{"id":20421,"date":"2021-10-28T15:18:26","date_gmt":"2021-10-28T13:18:26","guid":{"rendered":"https:\/\/agora.xtec.cat\/escolacharlesdarwin\/?p=20421"},"modified":"2021-10-28T15:18:26","modified_gmt":"2021-10-28T13:18:26","slug":"converses-literaries-amb-families-octubre","status":"publish","type":"post","link":"https:\/\/agora.xtec.cat\/escolacharlesdarwin\/general\/converses-literaries-amb-families-octubre\/","title":{"rendered":"Converses liter\u00e0ries amb fam\u00edlies &#8211; octubre"},"content":{"rendered":"<p style=\"text-align: right\"><em>Article elaborat per: Liss Solano i Anna Rodr\u00edguez<\/em><\/p>\n<p><span style=\"font-weight: 400\">Hola,<\/span><\/p>\n<p><span style=\"font-weight: 400\">El dia 13 d\u2019octubre la classe sostenible vam fer converses liter\u00e0ries, vam llegir un conte que es diu\u2026<\/span><\/p>\n<p style=\"text-align: center\"><em><strong>EL APESTOSO HOMBRE QUESO y otros CUENTOS MARAVILLOSAMENTE EST\u00daPIDOS!!!<\/strong><\/em><\/p>\n<p><span style=\"font-weight: 400\">Vam tenir uns <a href=\"https:\/\/photos.app.goo.gl\/QfuamUAhXYgGBHmp7\">convidats<\/a> molt especials i sorpresa!! El pap\u00e0 de l\u00b4<\/span><span style=\"font-weight: 400\">Abril<\/span><span style=\"font-weight: 400\"> i el pap\u00e0 de la <\/span><span style=\"font-weight: 400\">Berta ens van acompanyar<\/span><span style=\"font-weight: 400\">.<\/span><\/p>\n<p><span style=\"font-weight: 400\">Tots\/es ens vam sorprendre amb el conte, era molt m\u00e9s estrany del que pens\u00e0vem&#8230;Per exemple l&#8217;\u00edndex estava a la segona o tercera p\u00e0gina i queia<\/span><span style=\"font-weight: 400\"> a sobre dels personatges.\u00a0<\/span><span style=\"font-weight: 400\">Despr\u00e9s, la portada estava <\/span><span style=\"font-weight: 400\">dins del llibre<\/span><span style=\"font-weight: 400\"> i posava en molt gran: <\/span><i><span style=\"font-weight: 400\">PORTADA<\/span><\/i><span style=\"font-weight: 400\"> i en petit, <\/span><span style=\"font-weight: 400\">entre par\u00e8ntesis:<\/span><b><i>(El apestoso hombre queso y otros cuentos maravillosamente est\u00fapidos)<\/i><\/b><span style=\"font-weight: 400\">.<\/span><\/p>\n<p><span style=\"font-weight: 400\">Dins del conte hem pogut trobar moltes hist\u00f2ries diferents i rar\u00edssimes, per exemple: \u201dE<\/span><i><span style=\"font-weight: 400\">l pollo rollo\u201d o \u201cPantaloncitos rojos\u201d&#8230;<\/span><\/i><\/p>\n<p><span style=\"font-weight: 400\">Encara l\u2019estem llegint, perqu\u00e8 \u00e9s molt llarg, per\u00f2 \u00e9s un conte super divertit, hem tingut una experi\u00e8ncia molt guai!!!<\/span><\/p>\n<p><span style=\"font-weight: 400\">Recomanem el llibre al 100%!!<\/span><\/p>\n<p><span style=\"font-weight: 400\">\ud83e\udd29\ud83d\ude0a<\/span><\/p>\n","protected":false},"excerpt":{"rendered":"<p>Article elaborat per: Liss Solano i Anna Rodr\u00edguez Hola, El dia 13 d\u2019octubre la classe sostenible vam fer converses liter\u00e0ries, [&hellip;]<\/p>\n","protected":false},"author":77,"featured_media":20422,"comment_status":"open","ping_status":"closed","sticky":false,"template":"","format":"standard","meta":{"site-sidebar-layout":"default","site-content-layout":"","ast-site-content-layout":"","site-content-style":"default","site-sidebar-style":"default","ast-global-header-display":"","ast-banner-title-visibility":"","ast-main-header-display":"","ast-hfb-above-header-display":"","ast-hfb-below-header-display":"","ast-hfb-mobile-header-display":"","site-post-title":"","ast-breadcrumbs-content":"","ast-featured-img":"","footer-sml-layout":"","theme-transparent-header-meta":"","adv-header-id-meta":"","stick-header-meta":"","header-above-stick-meta":"","header-main-stick-meta":"","header-below-stick-meta":"","astra-migrate-meta-layouts":"default","ast-page-background-enabled":"default","ast-page-background-meta":{"desktop":{"background-color":"var(--ast-global-color-4)","background-image":"","background-repeat":"repeat","background-position":"center center","background-size":"auto","background-attachment":"scroll","background-type":"","background-media":"","overlay-type":"","overlay-color":"","overlay-opacity":"","overlay-gradient":""},"tablet":{"background-color":"","background-image":"","background-repeat":"repeat","background-position":"center center","background-size":"auto","background-attachment":"scroll","background-type":"","background-media":"","overlay-type":"","overlay-color":"","overlay-opacity":"","overlay-gradient":""},"mobile":{"background-color":"","background-image":"","background-repeat":"repeat","background-position":"center center","background-size":"auto","background-attachment":"scroll","background-type":"","background-media":"","overlay-type":"","overlay-color":"","overlay-opacity":"","overlay-gradient":""}},"ast-content-background-meta":{"desktop":{"background-color":"var(--ast-global-color-5)","background-image":"","background-repeat":"repeat","background-position":"center center","background-size":"auto","background-attachment":"scroll","background-type":"","background-media":"","overlay-type":"","overlay-color":"","overlay-opacity":"","overlay-gradient":""},"tablet":{"background-color":"var(--ast-global-color-5)","background-image":"","background-repeat":"repeat","background-position":"center center","background-size":"auto","background-attachment":"scroll","background-type":"","background-media":"","overlay-type":"","overlay-color":"","overlay-opacity":"","overlay-gradient":""},"mobile":{"background-color":"var(--ast-global-color-5)","background-image":"","background-repeat":"repeat","background-position":"center center","background-size":"auto","background-attachment":"scroll","background-type":"","background-media":"","overlay-type":"","overlay-color":"","overlay-opacity":"","overlay-gradient":""}},"footnotes":""},"categories":[1],"tags":[495],"class_list":["post-20421","post","type-post","status-publish","format-standard","has-post-thumbnail","hentry","category-general","tag-5e-5ec-laclassesostenible"],"post_mailing_queue_ids":[],"_links":{"self":[{"href":"https:\/\/agora.xtec.cat\/escolacharlesdarwin\/wp-json\/wp\/v2\/posts\/20421","targetHints":{"allow":["GET"]}}],"collection":[{"href":"https:\/\/agora.xtec.cat\/escolacharlesdarwin\/wp-json\/wp\/v2\/posts"}],"about":[{"href":"https:\/\/agora.xtec.cat\/escolacharlesdarwin\/wp-json\/wp\/v2\/types\/post"}],"author":[{"embeddable":true,"href":"https:\/\/agora.xtec.cat\/escolacharlesdarwin\/wp-json\/wp\/v2\/users\/77"}],"replies":[{"embeddable":true,"href":"https:\/\/agora.xtec.cat\/escolacharlesdarwin\/wp-json\/wp\/v2\/comments?post=20421"}],"version-history":[{"count":1,"href":"https:\/\/agora.xtec.cat\/escolacharlesdarwin\/wp-json\/wp\/v2\/posts\/20421\/revisions"}],"predecessor-version":[{"id":20423,"href":"https:\/\/agora.xtec.cat\/escolacharlesdarwin\/wp-json\/wp\/v2\/posts\/20421\/revisions\/20423"}],"wp:featuredmedia":[{"embeddable":true,"href":"https:\/\/agora.xtec.cat\/escolacharlesdarwin\/wp-json\/wp\/v2\/media\/20422"}],"wp:attachment":[{"href":"https:\/\/agora.xtec.cat\/escolacharlesdarwin\/wp-json\/wp\/v2\/media?parent=20421"}],"wp:term":[{"taxonomy":"category","embeddable":true,"href":"https:\/\/agora.xtec.cat\/escolacharlesdarwin\/wp-json\/wp\/v2\/categories?post=20421"},{"taxonomy":"post_tag","embeddable":true,"href":"https:\/\/agora.xtec.cat\/escolacharlesdarwin\/wp-json\/wp\/v2\/tags?post=20421"}],"curies":[{"name":"wp","href":"https:\/\/api.w.org\/{rel}","templated":true}]}}