{"id":19009,"date":"2021-03-10T22:30:58","date_gmt":"2021-03-10T21:30:58","guid":{"rendered":"http:\/\/agora.xtec.cat\/escolacharlesdarwin\/?p=19009"},"modified":"2021-03-10T22:37:03","modified_gmt":"2021-03-10T21:37:03","slug":"racons-daprenentatge-i-de-grafisme-creatiu-2","status":"publish","type":"post","link":"https:\/\/agora.xtec.cat\/escolacharlesdarwin\/general\/racons-daprenentatge-i-de-grafisme-creatiu-2\/","title":{"rendered":"RACONS  D&#8217;APRENENTATGE I DE GRAFISME CREATIU"},"content":{"rendered":"<p style=\"text-align: center;\"><a href=\"https:\/\/agora.xtec.cat\/escolacharlesdarwin\/wp-content\/uploads\/usu160\/2021\/03\/IMG_20210223_094425.jpg\"><img loading=\"lazy\" decoding=\"async\" class=\"alignnone size-large wp-image-19011\" src=\"https:\/\/agora.xtec.cat\/escolacharlesdarwin\/wp-content\/uploads\/usu160\/2021\/03\/IMG_20210223_094425-1024x461.jpg\" alt=\"\" width=\"1024\" height=\"461\" srcset=\"https:\/\/agora.xtec.cat\/escolacharlesdarwin\/wp-content\/uploads\/usu160\/2021\/03\/IMG_20210223_094425-1024x461.jpg 1024w, https:\/\/agora.xtec.cat\/escolacharlesdarwin\/wp-content\/uploads\/usu160\/2021\/03\/IMG_20210223_094425-300x135.jpg 300w, https:\/\/agora.xtec.cat\/escolacharlesdarwin\/wp-content\/uploads\/usu160\/2021\/03\/IMG_20210223_094425-768x346.jpg 768w\" sizes=\"auto, (max-width: 1024px) 100vw, 1024px\" \/><\/a><\/p>\n<p>Hola!<\/p>\n<p>Aquest segon trimestre, els dimarts al mat\u00ed, els nens i les nenes de la classe de les marietes continuem fent racons d\u2019aprenentatge variats de matem\u00e0tiques i llengua amb l\u2019ajuda de l\u2019Emma i la N\u00faria. Els dijous a la tarda tamb\u00e9 fem racons de grafisme creatiu amb la N\u00faria.<\/p>\n<p>El\u00a0<strong>treball per racons<\/strong>\u00a0\u00e9s una metodologia que consisteix a organitzar l\u2019aula en diversos espais on els alumnes, distribu\u00efts en petits grups, desenvolupen tasques simult\u00e0nies de manera aut\u00f2noma. Les tasques en aquests racons s\u00f3n variades: poden ser de tipus cognitiu, manipulatiu-sensorial, simb\u00f2lic\u2026<\/p>\n<p>Us deixem una petita mostra de com hem treballat aquest trimestre.<\/p>\n<p><a href=\"https:\/\/photos.app.goo.gl\/FQY7ihv82v9Mnstj9\"><b>RACONS D\u2019APRENENTATGE<\/b><\/a><\/p>\n<p><a href=\"https:\/\/photos.app.goo.gl\/Q9rWWJ5eeSwb6DRA8\"><strong>RACONS DE GRAFISME CREATIU<\/strong><\/a><\/p>\n<p>Esperem que us agradi!<\/p>\n","protected":false},"excerpt":{"rendered":"<p>Hola! Aquest segon trimestre, els dimarts al mat\u00ed, els nens i les nenes de la classe de les marietes continuem [&hellip;]<\/p>\n","protected":false},"author":37,"featured_media":19011,"comment_status":"open","ping_status":"closed","sticky":false,"template":"","format":"standard","meta":{"site-sidebar-layout":"default","site-content-layout":"","ast-site-content-layout":"","site-content-style":"default","site-sidebar-style":"default","ast-global-header-display":"","ast-banner-title-visibility":"","ast-main-header-display":"","ast-hfb-above-header-display":"","ast-hfb-below-header-display":"","ast-hfb-mobile-header-display":"","site-post-title":"","ast-breadcrumbs-content":"","ast-featured-img":"","footer-sml-layout":"","theme-transparent-header-meta":"","adv-header-id-meta":"","stick-header-meta":"","header-above-stick-meta":"","header-main-stick-meta":"","header-below-stick-meta":"","astra-migrate-meta-layouts":"default","ast-page-background-enabled":"default","ast-page-background-meta":{"desktop":{"background-color":"var(--ast-global-color-4)","background-image":"","background-repeat":"repeat","background-position":"center center","background-size":"auto","background-attachment":"scroll","background-type":"","background-media":"","overlay-type":"","overlay-color":"","overlay-opacity":"","overlay-gradient":""},"tablet":{"background-color":"","background-image":"","background-repeat":"repeat","background-position":"center center","background-size":"auto","background-attachment":"scroll","background-type":"","background-media":"","overlay-type":"","overlay-color":"","overlay-opacity":"","overlay-gradient":""},"mobile":{"background-color":"","background-image":"","background-repeat":"repeat","background-position":"center center","background-size":"auto","background-attachment":"scroll","background-type":"","background-media":"","overlay-type":"","overlay-color":"","overlay-opacity":"","overlay-gradient":""}},"ast-content-background-meta":{"desktop":{"background-color":"var(--ast-global-color-5)","background-image":"","background-repeat":"repeat","background-position":"center center","background-size":"auto","background-attachment":"scroll","background-type":"","background-media":"","overlay-type":"","overlay-color":"","overlay-opacity":"","overlay-gradient":""},"tablet":{"background-color":"var(--ast-global-color-5)","background-image":"","background-repeat":"repeat","background-position":"center center","background-size":"auto","background-attachment":"scroll","background-type":"","background-media":"","overlay-type":"","overlay-color":"","overlay-opacity":"","overlay-gradient":""},"mobile":{"background-color":"var(--ast-global-color-5)","background-image":"","background-repeat":"repeat","background-position":"center center","background-size":"auto","background-attachment":"scroll","background-type":"","background-media":"","overlay-type":"","overlay-color":"","overlay-opacity":"","overlay-gradient":""}},"footnotes":""},"categories":[1],"tags":[],"class_list":["post-19009","post","type-post","status-publish","format-standard","has-post-thumbnail","hentry","category-general"],"post_mailing_queue_ids":[],"_links":{"self":[{"href":"https:\/\/agora.xtec.cat\/escolacharlesdarwin\/wp-json\/wp\/v2\/posts\/19009","targetHints":{"allow":["GET"]}}],"collection":[{"href":"https:\/\/agora.xtec.cat\/escolacharlesdarwin\/wp-json\/wp\/v2\/posts"}],"about":[{"href":"https:\/\/agora.xtec.cat\/escolacharlesdarwin\/wp-json\/wp\/v2\/types\/post"}],"author":[{"embeddable":true,"href":"https:\/\/agora.xtec.cat\/escolacharlesdarwin\/wp-json\/wp\/v2\/users\/37"}],"replies":[{"embeddable":true,"href":"https:\/\/agora.xtec.cat\/escolacharlesdarwin\/wp-json\/wp\/v2\/comments?post=19009"}],"version-history":[{"count":3,"href":"https:\/\/agora.xtec.cat\/escolacharlesdarwin\/wp-json\/wp\/v2\/posts\/19009\/revisions"}],"predecessor-version":[{"id":19013,"href":"https:\/\/agora.xtec.cat\/escolacharlesdarwin\/wp-json\/wp\/v2\/posts\/19009\/revisions\/19013"}],"wp:featuredmedia":[{"embeddable":true,"href":"https:\/\/agora.xtec.cat\/escolacharlesdarwin\/wp-json\/wp\/v2\/media\/19011"}],"wp:attachment":[{"href":"https:\/\/agora.xtec.cat\/escolacharlesdarwin\/wp-json\/wp\/v2\/media?parent=19009"}],"wp:term":[{"taxonomy":"category","embeddable":true,"href":"https:\/\/agora.xtec.cat\/escolacharlesdarwin\/wp-json\/wp\/v2\/categories?post=19009"},{"taxonomy":"post_tag","embeddable":true,"href":"https:\/\/agora.xtec.cat\/escolacharlesdarwin\/wp-json\/wp\/v2\/tags?post=19009"}],"curies":[{"name":"wp","href":"https:\/\/api.w.org\/{rel}","templated":true}]}}