{"id":8819,"date":"2025-12-05T12:24:41","date_gmt":"2025-12-05T11:24:41","guid":{"rendered":"https:\/\/agora.xtec.cat\/escolacatalunyasantadria\/?p=8819"},"modified":"2025-12-05T12:24:41","modified_gmt":"2025-12-05T11:24:41","slug":"un-mar-de-creativitat-i-nova-mascota","status":"publish","type":"post","link":"https:\/\/agora.xtec.cat\/escolacatalunyasantadria\/general\/un-mar-de-creativitat-i-nova-mascota\/","title":{"rendered":"Un mar de creativitat i\u2026 nova mascota!"},"content":{"rendered":"<p data-start=\"192\" data-end=\"630\"><a href=\"https:\/\/photos.app.goo.gl\/B6mrGBP23fWfSos57\"><img loading=\"lazy\" decoding=\"async\" class=\"aligncenter size-medium wp-image-8920\" src=\"https:\/\/agora.xtec.cat\/escolacatalunyasantadria\/wp-content\/uploads\/usu1541\/2025\/12\/IMG-20251205-WA0031-225x300.jpg\" alt=\"\" width=\"225\" height=\"300\" \/><\/a><\/p>\n<p data-start=\"192\" data-end=\"630\">A l\u2019Escola Catalunya encara estem meravellats! La Setmana STEAM dedicada als <strong data-start=\"269\" data-end=\"294\">animals del fons mar\u00ed<\/strong> ha estat un \u00e8xit rotund gr\u00e0cies a la implicaci\u00f3 de l\u2019alumnat i les fam\u00edlies. <strong data-start=\"372\" data-end=\"407\">M\u00e9s de 120 maquetes presentades<\/strong>\u2026 una aut\u00e8ntica explosi\u00f3 de creativitat, esfor\u00e7 i imaginaci\u00f3.<br data-start=\"468\" data-end=\"471\" \/>Cada manualitat explicava una hist\u00f2ria, una mirada curiosa cap al m\u00f3n mar\u00ed i, sobretot, un gran vincle entre escola i fam\u00edlia. <strong data-start=\"598\" data-end=\"630\">Gr\u00e0cies per fer-ho possible!<\/strong><\/p>\n<p data-start=\"632\" data-end=\"773\">Durant l&#8217;exposici\u00f3, les fam\u00edlies assistents van poder votar la mascota que representaria l\u2019escola durant aquest curs. I aqu\u00ed en tenim els resultats!<\/p>\n<ul data-start=\"775\" data-end=\"960\">\n<li data-start=\"775\" data-end=\"862\">\n<p data-start=\"777\" data-end=\"862\"><strong data-start=\"777\" data-end=\"791\">3a posici\u00f3<\/strong> (3\/4 vots): maquetes <strong data-start=\"813\" data-end=\"860\">9 (Abril 4t), 15 (Soren I3), 18, 20 (Juan Ram\u00f3n 6\u00e8), 21 (Darell I3), 29 (Fran Daniel I5), 34, 56 (Blanca 4t), 57 (Emma 4t), 85 (Areej 3r) i 128 (Fam\u00edlia Ahmed).<\/strong><\/p>\n<\/li>\n<li data-start=\"863\" data-end=\"906\">\n<p data-start=\"865\" data-end=\"906\"><strong data-start=\"865\" data-end=\"879\">2a posici\u00f3<\/strong> (6 vots): maqueta <strong data-start=\"898\" data-end=\"904\">58 d&#8217;en Bruno de 1r.<\/strong><\/p>\n<\/li>\n<li data-start=\"907\" data-end=\"960\">\n<p data-start=\"909\" data-end=\"960\"><strong data-start=\"909\" data-end=\"944\">1a posici\u00f3 \u2013 Mascota guanyadora<\/strong>: maqueta <strong data-start=\"954\" data-end=\"960\">41, de l&#8217;alumne Timur de 1r.<\/strong><\/p>\n<\/li>\n<\/ul>\n<p data-start=\"962\" data-end=\"1069\" data-is-last-node=\"\" data-is-only-node=\"\">Felicitats a totes i tots! I benvinguda a la nova mascota que ens acompanyar\u00e0 al llarg d\u2019aquest curs.<\/p>\n<p data-start=\"962\" data-end=\"1069\" data-is-last-node=\"\" data-is-only-node=\"\">\n","protected":false},"excerpt":{"rendered":"<p><a href=\"https:\/\/photos.app.goo.gl\/B6mrGBP23fWfSos57\"><\/a><br \/>\nA l\u2019Escola Catalunya encara estem meravellats! La Setmana STEAM dedicada als animals del fons mar\u00ed ha estat un \u00e8xit rotund gr\u00e0cies a la implicaci\u00f3 de l\u2019alumnat i les fam\u00edlies. M\u00e9s de 120 maquetes presentades\u2026 una aut\u00e8ntica explosi\u00f3 de creativitat, esfor\u00e7 i imaginaci\u00f3.Cada manualitat explicava&hellip;  <a href=\"https:\/\/agora.xtec.cat\/escolacatalunyasantadria\/general\/un-mar-de-creativitat-i-nova-mascota\/\" title=\"Read Un mar de creativitat i\u2026 nova mascota!\">Llegeix m\u00e9s\u00bb<\/a><\/p>\n","protected":false},"author":45,"featured_media":8920,"comment_status":"open","ping_status":"open","sticky":false,"template":"","format":"standard","meta":{"footnotes":""},"categories":[662,467,1,2,4,5,634],"tags":[],"class_list":["post-8819","post","type-post","status-publish","format-standard","has-post-thumbnail","hentry","category-altres-activitats-steam","category-feines-alumnes","category-general","category-infantil","category-portada","category-primaria","category-steam"],"post_mailing_queue_ids":[],"_links":{"self":[{"href":"https:\/\/agora.xtec.cat\/escolacatalunyasantadria\/wp-json\/wp\/v2\/posts\/8819","targetHints":{"allow":["GET"]}}],"collection":[{"href":"https:\/\/agora.xtec.cat\/escolacatalunyasantadria\/wp-json\/wp\/v2\/posts"}],"about":[{"href":"https:\/\/agora.xtec.cat\/escolacatalunyasantadria\/wp-json\/wp\/v2\/types\/post"}],"author":[{"embeddable":true,"href":"https:\/\/agora.xtec.cat\/escolacatalunyasantadria\/wp-json\/wp\/v2\/users\/45"}],"replies":[{"embeddable":true,"href":"https:\/\/agora.xtec.cat\/escolacatalunyasantadria\/wp-json\/wp\/v2\/comments?post=8819"}],"version-history":[{"count":2,"href":"https:\/\/agora.xtec.cat\/escolacatalunyasantadria\/wp-json\/wp\/v2\/posts\/8819\/revisions"}],"predecessor-version":[{"id":8921,"href":"https:\/\/agora.xtec.cat\/escolacatalunyasantadria\/wp-json\/wp\/v2\/posts\/8819\/revisions\/8921"}],"wp:featuredmedia":[{"embeddable":true,"href":"https:\/\/agora.xtec.cat\/escolacatalunyasantadria\/wp-json\/wp\/v2\/media\/8920"}],"wp:attachment":[{"href":"https:\/\/agora.xtec.cat\/escolacatalunyasantadria\/wp-json\/wp\/v2\/media?parent=8819"}],"wp:term":[{"taxonomy":"category","embeddable":true,"href":"https:\/\/agora.xtec.cat\/escolacatalunyasantadria\/wp-json\/wp\/v2\/categories?post=8819"},{"taxonomy":"post_tag","embeddable":true,"href":"https:\/\/agora.xtec.cat\/escolacatalunyasantadria\/wp-json\/wp\/v2\/tags?post=8819"}],"curies":[{"name":"wp","href":"https:\/\/api.w.org\/{rel}","templated":true}]}}