{"id":3824,"date":"2019-11-07T23:19:57","date_gmt":"2019-11-07T22:19:57","guid":{"rendered":"http:\/\/agora.xtec.cat\/escolacatalunyasantadria\/?p=3824"},"modified":"2019-11-12T21:38:05","modified_gmt":"2019-11-12T20:38:05","slug":"resolem-el-misteri-de-lampolla-cap-2","status":"publish","type":"post","link":"https:\/\/agora.xtec.cat\/escolacatalunyasantadria\/general\/resolem-el-misteri-de-lampolla-cap-2\/","title":{"rendered":"Resolem el misteri de l&#8217;ampolla (Cap.2)"},"content":{"rendered":"<p style=\"text-align: justify;\">Les hawaianes i els hawaians hem pensat molt en la carta que ens vam trobar a la platja fa dues setmanes. Entre tots\/es hem buscat la manera de desxifrar la nostra enigm\u00e0tica carta. Vam pensar que potser les classes de P5 (pirates i tresors) podrien ajudar-nos. Aix\u00ed que, els vam anar a visitar per veure si ens podien ajudar per\u00f2 no sabien hawai\u00e0. Vam anar a consultar als nostres companys i companyes de segon. Un alumne ens va donar una pista per\u00f2 no va ser suficient. Tamb\u00e9 se&#8217;ns va acudir la idea d&#8217;anar a la cuina a veure si la Luci ens podia orientar per\u00f2 tampoc vam tenir sort. Se&#8217;ns va passar pel cap la idea de buscar un traductor al google per\u00f2 r\u00e0pid alg\u00fa va dir que potser la directora ens podria ajudar. Aix\u00ed doncs, ens vam dirigir cap al despatx de la Carme. Ens va animar molt perqu\u00e8 ens va dir que ella no sabia hawai\u00e0 per\u00f2 que mouria fils per ajudar-nos. Vam sortir del despatx molt il\u00b7lusionats!<\/p>\n<table>\n<tbody>\n<tr>\n<td style=\"text-align: justify;\"><a href=\"https:\/\/photos.app.goo.gl\/aKSLYyUUPhqX7zLc6\"><img loading=\"lazy\" decoding=\"async\" class=\"size-medium wp-image-3826\" src=\"https:\/\/agora.xtec.cat\/escolacatalunyasantadria\/wp-content\/uploads\/usu1541\/2019\/11\/defini-300x155.jpg\" alt=\"\" width=\"300\" height=\"155\" srcset=\"https:\/\/agora.xtec.cat\/escolacatalunyasantadria\/wp-content\/uploads\/usu1541\/2019\/11\/defini-300x155.jpg 300w, https:\/\/agora.xtec.cat\/escolacatalunyasantadria\/wp-content\/uploads\/usu1541\/2019\/11\/defini-768x397.jpg 768w, https:\/\/agora.xtec.cat\/escolacatalunyasantadria\/wp-content\/uploads\/usu1541\/2019\/11\/defini-1024x529.jpg 1024w\" sizes=\"auto, (max-width: 300px) 100vw, 300px\" \/><\/a><\/td>\n<td><a href=\"https:\/\/photos.app.goo.gl\/uKc26WjFfXC2Smkv6\"><img loading=\"lazy\" decoding=\"async\" class=\"aligncenter wp-image-3830\" src=\"https:\/\/agora.xtec.cat\/escolacatalunyasantadria\/wp-content\/uploads\/usu1541\/2019\/11\/20191030_095056-300x146.jpg\" alt=\"\" width=\"296\" height=\"144\" srcset=\"https:\/\/agora.xtec.cat\/escolacatalunyasantadria\/wp-content\/uploads\/usu1541\/2019\/11\/20191030_095056-300x146.jpg 300w, https:\/\/agora.xtec.cat\/escolacatalunyasantadria\/wp-content\/uploads\/usu1541\/2019\/11\/20191030_095056-768x373.jpg 768w, https:\/\/agora.xtec.cat\/escolacatalunyasantadria\/wp-content\/uploads\/usu1541\/2019\/11\/20191030_095056-1024x498.jpg 1024w\" sizes=\"auto, (max-width: 296px) 100vw, 296px\" \/><\/a><\/td>\n<\/tr>\n<\/tbody>\n<\/table>\n<p style=\"text-align: justify;\">Al dia seg\u00fcent, mentre est\u00e0vem fent medi, va entrar a la classe la Carme. Se la veia molt emocionada. I no era per menys. Portava a les mans la carta tradu\u00efda!!! R\u00e0pidament la vam llegir ver desvetllar el misteri que ens tenia capficats des de feia dues setmanes.<\/p>\n<p style=\"text-align: center;\"><a style=\"color: #2795b6;\" href=\"https:\/\/photos.app.goo.gl\/RmbsxArTCbfKWEDv8\">Cliqueu a sobre per llegir les cartes!<\/a><\/p>\n<p><a href=\"https:\/\/photos.app.goo.gl\/RmbsxArTCbfKWEDv8\"><img loading=\"lazy\" decoding=\"async\" class=\"aligncenter wp-image-3861\" src=\"https:\/\/agora.xtec.cat\/escolacatalunyasantadria\/wp-content\/uploads\/usu1541\/2019\/11\/PhotoGrid_1573590378998-1024x1024.jpg\" alt=\"\" width=\"353\" height=\"353\" srcset=\"https:\/\/agora.xtec.cat\/escolacatalunyasantadria\/wp-content\/uploads\/usu1541\/2019\/11\/PhotoGrid_1573590378998-1024x1024.jpg 1024w, https:\/\/agora.xtec.cat\/escolacatalunyasantadria\/wp-content\/uploads\/usu1541\/2019\/11\/PhotoGrid_1573590378998-150x150.jpg 150w, https:\/\/agora.xtec.cat\/escolacatalunyasantadria\/wp-content\/uploads\/usu1541\/2019\/11\/PhotoGrid_1573590378998-300x300.jpg 300w, https:\/\/agora.xtec.cat\/escolacatalunyasantadria\/wp-content\/uploads\/usu1541\/2019\/11\/PhotoGrid_1573590378998-768x768.jpg 768w, https:\/\/agora.xtec.cat\/escolacatalunyasantadria\/wp-content\/uploads\/usu1541\/2019\/11\/PhotoGrid_1573590378998.jpg 2048w\" sizes=\"auto, (max-width: 353px) 100vw, 353px\" \/><\/a><\/p>\n","protected":false},"excerpt":{"rendered":"<p>Les hawaianes i els hawaians hem pensat molt en la carta que ens vam trobar a la platja fa dues setmanes. Entre tots\/es hem buscat la manera de desxifrar la nostra enigm\u00e0tica carta. Vam pensar que potser les classes de P5 (pirates i tresors) podrien&hellip;  <a href=\"https:\/\/agora.xtec.cat\/escolacatalunyasantadria\/general\/resolem-el-misteri-de-lampolla-cap-2\/\" title=\"Read Resolem el misteri de l&#8217;ampolla (Cap.2)\">Llegeix m\u00e9s\u00bb<\/a><\/p>\n","protected":false},"author":30,"featured_media":3795,"comment_status":"open","ping_status":"closed","sticky":false,"template":"","format":"standard","meta":{"footnotes":""},"categories":[10,1,4,5],"tags":[258,59,386,158],"class_list":["post-3824","post","type-post","status-publish","format-standard","has-post-thumbnail","hentry","category-1r","category-general","category-portada","category-primaria","tag-cicle-inicial","tag-escola-catalunya","tag-lova","tag-primaria"],"post_mailing_queue_ids":[],"_links":{"self":[{"href":"https:\/\/agora.xtec.cat\/escolacatalunyasantadria\/wp-json\/wp\/v2\/posts\/3824","targetHints":{"allow":["GET"]}}],"collection":[{"href":"https:\/\/agora.xtec.cat\/escolacatalunyasantadria\/wp-json\/wp\/v2\/posts"}],"about":[{"href":"https:\/\/agora.xtec.cat\/escolacatalunyasantadria\/wp-json\/wp\/v2\/types\/post"}],"author":[{"embeddable":true,"href":"https:\/\/agora.xtec.cat\/escolacatalunyasantadria\/wp-json\/wp\/v2\/users\/30"}],"replies":[{"embeddable":true,"href":"https:\/\/agora.xtec.cat\/escolacatalunyasantadria\/wp-json\/wp\/v2\/comments?post=3824"}],"version-history":[{"count":4,"href":"https:\/\/agora.xtec.cat\/escolacatalunyasantadria\/wp-json\/wp\/v2\/posts\/3824\/revisions"}],"predecessor-version":[{"id":3829,"href":"https:\/\/agora.xtec.cat\/escolacatalunyasantadria\/wp-json\/wp\/v2\/posts\/3824\/revisions\/3829"}],"wp:featuredmedia":[{"embeddable":true,"href":"https:\/\/agora.xtec.cat\/escolacatalunyasantadria\/wp-json\/wp\/v2\/media\/3795"}],"wp:attachment":[{"href":"https:\/\/agora.xtec.cat\/escolacatalunyasantadria\/wp-json\/wp\/v2\/media?parent=3824"}],"wp:term":[{"taxonomy":"category","embeddable":true,"href":"https:\/\/agora.xtec.cat\/escolacatalunyasantadria\/wp-json\/wp\/v2\/categories?post=3824"},{"taxonomy":"post_tag","embeddable":true,"href":"https:\/\/agora.xtec.cat\/escolacatalunyasantadria\/wp-json\/wp\/v2\/tags?post=3824"}],"curies":[{"name":"wp","href":"https:\/\/api.w.org\/{rel}","templated":true}]}}