{"id":3736,"date":"2019-10-17T14:19:29","date_gmt":"2019-10-17T12:19:29","guid":{"rendered":"http:\/\/agora.xtec.cat\/escolacatalunyasantadria\/?p=3736"},"modified":"2019-10-17T14:19:29","modified_gmt":"2019-10-17T12:19:29","slug":"taller-de-plantes-aromatiques","status":"publish","type":"post","link":"https:\/\/agora.xtec.cat\/escolacatalunyasantadria\/general\/taller-de-plantes-aromatiques\/","title":{"rendered":"Taller de plantes arom\u00e0tiques"},"content":{"rendered":"<p style=\"text-align: justify;\">Continuant el <strong>Projecte de L&#8217;Hort<\/strong> iniciem aquest curs amb el contacte amb les plantes a trav\u00e9s de les arom\u00e0tiques. Recollim a m\u00e9s el concepte que les plantes tenen propietats curatives com en el conte: <strong>El Cargol i l&#8217;herbeta de poliol. <\/strong>Hem elaborat unes bossetes d&#8217;olor amb diferents plantes arom\u00e0tiques: <strong>Farigola i Esp\u00edgol.<\/strong><\/p>\n<p><a href=\"https:\/\/photos.app.goo.gl\/n7f7efZvGiLHnmRg7\"><img loading=\"lazy\" decoding=\"async\" class=\"aligncenter size-medium wp-image-3737\" src=\"https:\/\/agora.xtec.cat\/escolacatalunyasantadria\/wp-content\/uploads\/usu1541\/2019\/10\/portada-face-300x194.jpg\" alt=\"\" width=\"300\" height=\"194\" srcset=\"https:\/\/agora.xtec.cat\/escolacatalunyasantadria\/wp-content\/uploads\/usu1541\/2019\/10\/portada-face-300x194.jpg 300w, https:\/\/agora.xtec.cat\/escolacatalunyasantadria\/wp-content\/uploads\/usu1541\/2019\/10\/portada-face-768x497.jpg 768w, https:\/\/agora.xtec.cat\/escolacatalunyasantadria\/wp-content\/uploads\/usu1541\/2019\/10\/portada-face-1024x662.jpg 1024w, https:\/\/agora.xtec.cat\/escolacatalunyasantadria\/wp-content\/uploads\/usu1541\/2019\/10\/portada-face.jpg 1443w\" sizes=\"auto, (max-width: 300px) 100vw, 300px\" \/><\/a><\/p>\n","protected":false},"excerpt":{"rendered":"<p>Continuant el Projecte de L&#8217;Hort iniciem aquest curs amb el contacte amb les plantes a trav\u00e9s de les arom\u00e0tiques. Recollim a m\u00e9s el concepte que les plantes tenen propietats curatives com en el conte: El Cargol i l&#8217;herbeta de poliol. Hem elaborat unes bossetes d&#8217;olor&hellip;  <a href=\"https:\/\/agora.xtec.cat\/escolacatalunyasantadria\/general\/taller-de-plantes-aromatiques\/\" title=\"Read Taller de plantes arom\u00e0tiques\">Llegeix m\u00e9s\u00bb<\/a><\/p>\n","protected":false},"author":12,"featured_media":3609,"comment_status":"open","ping_status":"closed","sticky":false,"template":"","format":"standard","meta":{"footnotes":""},"categories":[1,8,2,4],"tags":[382,218],"class_list":["post-3736","post","type-post","status-publish","format-standard","has-post-thumbnail","hentry","category-general","category-i4","category-infantil","category-portada","tag-entorn-plantes-aromatiques","tag-escola-catalunya-educacio-infantil-p4"],"post_mailing_queue_ids":[],"_links":{"self":[{"href":"https:\/\/agora.xtec.cat\/escolacatalunyasantadria\/wp-json\/wp\/v2\/posts\/3736","targetHints":{"allow":["GET"]}}],"collection":[{"href":"https:\/\/agora.xtec.cat\/escolacatalunyasantadria\/wp-json\/wp\/v2\/posts"}],"about":[{"href":"https:\/\/agora.xtec.cat\/escolacatalunyasantadria\/wp-json\/wp\/v2\/types\/post"}],"author":[{"embeddable":true,"href":"https:\/\/agora.xtec.cat\/escolacatalunyasantadria\/wp-json\/wp\/v2\/users\/12"}],"replies":[{"embeddable":true,"href":"https:\/\/agora.xtec.cat\/escolacatalunyasantadria\/wp-json\/wp\/v2\/comments?post=3736"}],"version-history":[{"count":1,"href":"https:\/\/agora.xtec.cat\/escolacatalunyasantadria\/wp-json\/wp\/v2\/posts\/3736\/revisions"}],"predecessor-version":[{"id":3738,"href":"https:\/\/agora.xtec.cat\/escolacatalunyasantadria\/wp-json\/wp\/v2\/posts\/3736\/revisions\/3738"}],"wp:featuredmedia":[{"embeddable":true,"href":"https:\/\/agora.xtec.cat\/escolacatalunyasantadria\/wp-json\/wp\/v2\/media\/3609"}],"wp:attachment":[{"href":"https:\/\/agora.xtec.cat\/escolacatalunyasantadria\/wp-json\/wp\/v2\/media?parent=3736"}],"wp:term":[{"taxonomy":"category","embeddable":true,"href":"https:\/\/agora.xtec.cat\/escolacatalunyasantadria\/wp-json\/wp\/v2\/categories?post=3736"},{"taxonomy":"post_tag","embeddable":true,"href":"https:\/\/agora.xtec.cat\/escolacatalunyasantadria\/wp-json\/wp\/v2\/tags?post=3736"}],"curies":[{"name":"wp","href":"https:\/\/api.w.org\/{rel}","templated":true}]}}